{"id":108,"date":"2010-07-18T00:02:02","date_gmt":"2010-07-17T22:02:02","guid":{"rendered":"http:\/\/juliettecharpentier.fr\/gertrudes\/2010\/07\/18\/etat-noeuf-de-l-etagere-a108953460\/"},"modified":"2010-07-18T00:02:02","modified_gmt":"2010-07-17T22:02:02","slug":"etat-noeuf-de-l-etagere-a108953460","status":"publish","type":"post","link":"https:\/\/juliettecharpentier.fr\/gertrudes\/etat-noeuf-de-l-etagere-a108953460\/","title":{"rendered":"\u00c9tat Noeuf de l&rsquo;\u00c9tag\u00e8re"},"content":{"rendered":"<p>&nbsp;<\/p>\n<p>&nbsp;<\/p>\n<p style=\"text-align: center;\"><span style=\"font-size: 36pt;\"><span style=\"font-family: arial black,avant garde;\"><strong>Pour une<\/strong><\/span><\/span><\/p>\n<p style=\"text-align: center;\"><span style=\"font-size: 36pt;\"><span style=\"font-family: arial black,avant garde;\">&nbsp;<strong>r&eacute;apparition,<\/strong><\/span><\/span><\/p>\n<p style=\"text-align: center;\"><span style=\"font-size: 36pt;\"><span style=\"font-family: arial black,avant garde;\">&nbsp;<strong>comptez trois fois<\/strong><\/span><\/span><\/p>\n<p style=\"text-align: center;\"><span style=\"font-size: 36pt;\"><span style=\"font-family: arial black,avant garde;\"><strong> Neuf<\/strong><\/span><\/span><\/p>\n<p style=\"text-align: center;\"><span style=\"font-size: 36pt;\"><span style=\"font-family: arial black,avant garde;\"><strong>&nbsp;<\/strong><\/span><\/span><\/p>\n<p>&nbsp;<\/p>\n<p><img loading=\"lazy\" decoding=\"async\" style=\"margin: 3px auto; display: block; clear: both;\" src=\"https:\/\/juliettecharpentier.fr\/gertrudes\/wp-content\/uploads\/2016\/04\/y3HAX9x0eVMBhhfFJSle3JYjKOA@427x600.jpg\" alt=\"img_0091.jpg\" width=\"427\" height=\"600\"\/><\/p>\n<p>&nbsp;<\/p>\n","protected":false},"excerpt":{"rendered":"<p>&nbsp; &nbsp; Pour une &nbsp;r&eacute;apparition, &nbsp;comptez trois fois Neuf &nbsp; &nbsp; &nbsp;<\/p>\n","protected":false},"author":1,"featured_media":0,"comment_status":"open","ping_status":"open","sticky":false,"template":"","format":"standard","meta":{"footnotes":""},"categories":[131],"tags":[],"class_list":["post-108","post","type-post","status-publish","format-standard","hentry","category-les-vacances-du-capitaine"],"post_mailing_queue_ids":[],"_links":{"self":[{"href":"https:\/\/juliettecharpentier.fr\/gertrudes\/wp-json\/wp\/v2\/posts\/108","targetHints":{"allow":["GET"]}}],"collection":[{"href":"https:\/\/juliettecharpentier.fr\/gertrudes\/wp-json\/wp\/v2\/posts"}],"about":[{"href":"https:\/\/juliettecharpentier.fr\/gertrudes\/wp-json\/wp\/v2\/types\/post"}],"author":[{"embeddable":true,"href":"https:\/\/juliettecharpentier.fr\/gertrudes\/wp-json\/wp\/v2\/users\/1"}],"replies":[{"embeddable":true,"href":"https:\/\/juliettecharpentier.fr\/gertrudes\/wp-json\/wp\/v2\/comments?post=108"}],"version-history":[{"count":0,"href":"https:\/\/juliettecharpentier.fr\/gertrudes\/wp-json\/wp\/v2\/posts\/108\/revisions"}],"wp:attachment":[{"href":"https:\/\/juliettecharpentier.fr\/gertrudes\/wp-json\/wp\/v2\/media?parent=108"}],"wp:term":[{"taxonomy":"category","embeddable":true,"href":"https:\/\/juliettecharpentier.fr\/gertrudes\/wp-json\/wp\/v2\/categories?post=108"},{"taxonomy":"post_tag","embeddable":true,"href":"https:\/\/juliettecharpentier.fr\/gertrudes\/wp-json\/wp\/v2\/tags?post=108"}],"curies":[{"name":"wp","href":"https:\/\/api.w.org\/{rel}","templated":true}]}}