{"id":109,"date":"2008-09-03T00:08:02","date_gmt":"2008-09-02T22:08:02","guid":{"rendered":"http:\/\/juliettecharpentier.fr\/gertrudes\/2008\/09\/03\/eternite-troisieme-station-a108953588\/"},"modified":"2008-09-03T00:08:02","modified_gmt":"2008-09-02T22:08:02","slug":"eternite-troisieme-station-a108953588","status":"publish","type":"post","link":"https:\/\/juliettecharpentier.fr\/gertrudes\/eternite-troisieme-station-a108953588\/","title":{"rendered":"\u00c9ternit\u00e9, Troisi\u00e8me Station."},"content":{"rendered":"<div style=\"text-align: center;\">&nbsp;<\/div>\n<div style=\"text-align: center;\"><span style=\"font-family: arial black; font-size: 36pt;\">Troisi&egrave;me Station:<\/span><\/div>\n<div style=\"text-align: center;\"> <span style=\"font-family: arial black; font-size: 24pt;\">La M&eacute;daille de P&eacute;lerinage<\/span> <span style=\"font-size: 24pt;\">&nbsp;<\/span><\/div>\n<div style=\"text-align: center;\"><span style=\"font-size: 24pt;\"><br \/><\/span><span style=\"font-family: arial black; font-size: 18pt;\"><span style=\"font-size: 24pt;\">de la Yvonne.<\/p>\n<p><\/span><\/span> <\/p>\n<div style=\"text-align: left;\"><span style=\"font-family: arial black; font-size: 18pt;\"> <img loading=\"lazy\" decoding=\"async\" style=\"margin: 3px auto; display: block; clear: both;\" src=\"https:\/\/juliettecharpentier.fr\/gertrudes\/wp-content\/uploads\/2016\/04\/rHAxedTABhEpjpQ-A81fzUILe0E@452x599.jpg\" width=\"452\" height=\"599\" alt=\"\"\/> <\/span><\/div>\n<div style=\"text-align: left;\"><span style=\"color: #0000ff; font-family: arial black; font-size: 18pt;\"><span style=\"font-size: 14pt;\">Aujourd&rsquo;hui Mercredi trois Septembre de l&rsquo;an deux mille huit, z&eacute;ro heure Huit minutes:<br \/> <span style=\"color: #000000;\">&#8212; Point Nord l&eacute;g&egrave;rement inclin&eacute; Est.<br \/> &#8212; Dans les Limbes, au dessus de l&rsquo;Horizon.<br \/> &#8212; &Agrave; l&rsquo;oppos&eacute; des R&eacute;alit&eacute;s.<br \/> &#8212; La plus petite des M&eacute;dailles de P&eacute;lerinage de La Yvonne.<br \/> &#8212; La M&eacute;daille mesure exactement Neuf millim&egrave;tres.<br \/><\/span><\/span><\/span><span style=\"color: #0000ff; font-family: arial black; font-size: 18pt;\"><span style=\"font-size: 14pt;\"><span style=\"color: #000000;\">&#8212; L&rsquo;Abbaye de Cadouin est une &eacute;tape sur le Chemin de Saint Jacques de Compostelle.<br \/> &#8212; Pendant Neuf si&egrave;cles, les moines Cisterciens de l&rsquo;Abbaye ont cru d&eacute;tenir la Vera Icona.<\/span><\/span><\/span><br \/> <span style=\"color: #0000ff; font-family: arial black; font-size: 18pt;\"><span style=\"font-size: 14pt;\"><span style=\"color: #000000;\">&#8212; La Yvonne &eacute;tait une tr&eacute;s vieille femme solitaire qui vivait en P&eacute;rigord.<br \/> &#8212; Chaque jour, elle allait puiser l&rsquo;eau &agrave; la Source et Faisait cuire son repas dans la chemin&eacute;e.<br \/> &#8212; Chaque ann&eacute;e, elle prenait l&rsquo;Autocar pour L&rsquo;Abbaye de Cadouin.<br \/> &#8212; Gertrude &eacute;gr&egrave;ne son Rosaire.<br \/> &#8212; Gertrude collectionne les M&eacute;dailles.<br \/> &#8212; Pour l&rsquo;&Eacute;ternit&eacute;.<\/p>\n<p><\/span><\/span><\/span> <\/p>\n<div style=\"text-align: center;\"><span style=\"color: #0000ff; font-family: arial black; font-size: 18pt;\"><span style=\"font-size: 14pt;\"><span style=\"color: #000000;\">&nbsp;<span style=\"color: #0000ff; font-size: 24pt;\">CELA FAIT HUIT MOIS QUE <\/span><\/span><\/span><\/span><\/div>\n<div style=\"text-align: center;\">&nbsp;<\/div>\n<div style=\"text-align: center;\"><span style=\"color: #0000ff; font-family: arial black; font-size: 18pt;\"><span style=\"font-size: 14pt;\"><span style=\"color: #000000;\"><span style=\"color: #0000ff; font-size: 24pt;\">GERTRUDE A COMMENC&Eacute; SON <\/span><\/span><\/span><\/span><\/div>\n<div style=\"text-align: center;\">&nbsp;<\/div>\n<div style=\"text-align: center;\"><span style=\"color: #0000ff; font-family: arial black; font-size: 18pt;\"><span style=\"font-size: 14pt;\"><span style=\"color: #000000;\"><span style=\"color: #0000ff; font-size: 24pt;\">VOYAGE.<\/p>\n<p><\/span><\/span><\/span><\/span><\/div>\n<\/p><\/div>\n<\/p><\/div>\n","protected":false},"excerpt":{"rendered":"<p>&nbsp; Troisi&egrave;me Station: La M&eacute;daille de P&eacute;lerinage &nbsp; de la Yvonne. Aujourd&rsquo;hui Mercredi trois Septembre de l&rsquo;an deux mille huit, z&eacute;ro heure Huit minutes: &#8212; Point Nord l&eacute;g&egrave;rement inclin&eacute; Est. &#8212; Dans les Limbes, au dessus de l&rsquo;Horizon. &#8212; &Agrave; l&rsquo;oppos&eacute; des R&eacute;alit&eacute;s. &#8212; La plus petite des M&eacute;dailles de P&eacute;lerinage de La Yvonne. &#8212; &hellip; <a href=\"https:\/\/juliettecharpentier.fr\/gertrudes\/eternite-troisieme-station-a108953588\/\" class=\"more-link\">Continuer la lecture<span class=\"screen-reader-text\"> de &laquo;&nbsp;\u00c9ternit\u00e9, Troisi\u00e8me Station.&nbsp;&raquo;<\/span><\/a><\/p>\n","protected":false},"author":1,"featured_media":0,"comment_status":"open","ping_status":"open","sticky":false,"template":"","format":"standard","meta":{"footnotes":""},"categories":[116],"tags":[],"class_list":["post-109","post","type-post","status-publish","format-standard","hentry","category-journal-de-bord-de-gertrude"],"post_mailing_queue_ids":[],"_links":{"self":[{"href":"https:\/\/juliettecharpentier.fr\/gertrudes\/wp-json\/wp\/v2\/posts\/109","targetHints":{"allow":["GET"]}}],"collection":[{"href":"https:\/\/juliettecharpentier.fr\/gertrudes\/wp-json\/wp\/v2\/posts"}],"about":[{"href":"https:\/\/juliettecharpentier.fr\/gertrudes\/wp-json\/wp\/v2\/types\/post"}],"author":[{"embeddable":true,"href":"https:\/\/juliettecharpentier.fr\/gertrudes\/wp-json\/wp\/v2\/users\/1"}],"replies":[{"embeddable":true,"href":"https:\/\/juliettecharpentier.fr\/gertrudes\/wp-json\/wp\/v2\/comments?post=109"}],"version-history":[{"count":0,"href":"https:\/\/juliettecharpentier.fr\/gertrudes\/wp-json\/wp\/v2\/posts\/109\/revisions"}],"wp:attachment":[{"href":"https:\/\/juliettecharpentier.fr\/gertrudes\/wp-json\/wp\/v2\/media?parent=109"}],"wp:term":[{"taxonomy":"category","embeddable":true,"href":"https:\/\/juliettecharpentier.fr\/gertrudes\/wp-json\/wp\/v2\/categories?post=109"},{"taxonomy":"post_tag","embeddable":true,"href":"https:\/\/juliettecharpentier.fr\/gertrudes\/wp-json\/wp\/v2\/tags?post=109"}],"curies":[{"name":"wp","href":"https:\/\/api.w.org\/{rel}","templated":true}]}}