{"id":151,"date":"2015-04-09T00:02:02","date_gmt":"2015-04-08T22:02:02","guid":{"rendered":"http:\/\/juliettecharpentier.fr\/gertrudes\/2015\/04\/09\/gertrude-ou-la-realite-augmentee-l-exception-au-capitaine-n-8-a115573268\/"},"modified":"2015-04-09T00:02:02","modified_gmt":"2015-04-08T22:02:02","slug":"gertrude-ou-la-realite-augmentee-l-exception-au-capitaine-n-8-a115573268","status":"publish","type":"post","link":"https:\/\/juliettecharpentier.fr\/gertrudes\/gertrude-ou-la-realite-augmentee-l-exception-au-capitaine-n-8-a115573268\/","title":{"rendered":"Gertrude ou la R\u00e9alit\u00e9 augment\u00e9e: L&rsquo;exception au Capitaine n\u00b08"},"content":{"rendered":"<p>&nbsp;<\/p>\n<p style=\"text-align: right;\"><a href=\"https:\/\/juliettecharpentier.fr\/gertrudes\/wp-content\/uploads\/2016\/04\/KmsnxMUDLmvhY-8BMsUARFzZI4A.jpg\"><img decoding=\"async\" style=\"display: block; margin-left: auto; margin-right: auto;\" src=\"https:\/\/juliettecharpentier.fr\/gertrudes\/wp-content\/uploads\/2016\/04\/KmsnxMUDLmvhY-8BMsUARFzZI4A@500x667.jpg\" alt=\"Gertrude ou la r&eacute;alit&eacute; augment&eacute;e: L'exception au Capitaine n&deg;8\"\/><\/a><span style=\"font-size: 8pt;\">&nbsp;<\/span><\/p>\n<p style=\"text-align: right;\"><span style=\"font-size: 8pt;\"><strong>JC,&nbsp; 2015, <em>R&eacute;alit&eacute; augment&eacute;e<\/em>, work in progress.<\/strong><\/span><\/p>\n<p>&nbsp;<\/p>\n<p><span style=\"font-family: times new roman,times;\"><strong><span style=\"font-size: 14pt;\">Il est possible que la chose la plus difficile &agrave; appr&eacute;hender dans l&rsquo;exp&eacute;rience &laquo;&nbsp;Gertrude&nbsp;&raquo; soit le rapport qu&rsquo;elle entretient avec le r&eacute;el ou plut&ocirc;t avec la r&eacute;alit&eacute;, notion qui contient d&eacute;j&agrave; en soi une part d&rsquo;interpr&eacute;tation du r&eacute;el.<\/span><\/strong><\/span><\/p>\n<p><span style=\"font-family: times new roman,times;\"><strong><span style=\"font-size: 14pt;\">Partons de la supposition que le cr&acirc;ne qui est devant moi, pos&eacute; sur une &eacute;tag&egrave;re, est bien r&eacute;el.<\/span><\/strong><\/span><\/p>\n<p><span style=\"font-family: times new roman,times;\"><strong><span style=\"font-size: 14pt;\">Objectivement il poss&egrave;de sans aucune ambigu&iuml;t&eacute; une mat&eacute;rialit&eacute; tangible&nbsp;: il est compos&eacute; d&rsquo;os, c&rsquo;est &agrave; dire d&rsquo;une mati&egrave;re organique calcifi&eacute;e qui s&rsquo;est d&eacute;velopp&eacute;e dans un temps bien d&eacute;fini.<\/span><\/strong><\/span><\/p>\n<p><span style=\"font-family: times new roman,times;\"><strong><span style=\"font-size: 14pt;\">La forme finale, &agrave; pr&eacute;sent fig&eacute;e voire en d&eacute;g&eacute;n&eacute;rescence, est due &agrave; la logique de croissance d&rsquo;un corps humain. Cette logique est probablement programm&eacute;e par l&rsquo;h&eacute;r&eacute;dit&eacute; mais infl&eacute;chie par quelques acquis ou accidents de parcours.<\/span><\/strong><\/span><\/p>\n<p><span style=\"font-family: times new roman,times;\"><strong><span style=\"font-size: 14pt;\">Le tissu osseux, avec une analyse scientifique pouss&eacute;e, pourrait sans aucun doute nous r&eacute;v&eacute;ler beaucoup sur le parcours biologique du corps&nbsp;; nous savons &eacute;galement que cette analyse pourrait d&eacute;voiler l&rsquo;identit&eacute; de la personne.<\/span><\/strong><\/span><\/p>\n<p><span style=\"font-family: times new roman,times;\"><strong><span style=\"font-size: 14pt;\">En connaitrions pour autant l&rsquo;&ecirc;tre&nbsp;?<\/span><\/strong><\/span><\/p>\n<p><span style=\"font-family: times new roman,times;\"><strong><span style=\"font-size: 14pt;\">Le seul indice d&eacute;passant le champ de la science, et qui pourrait ouvrir &agrave; notre interpr&eacute;tation subjective, serait justement la d&eacute;marche d&rsquo;avoir livr&eacute; un jour son corps &agrave; la m&ecirc;me science.<\/span><\/strong><\/span><\/p>\n<p><span style=\"font-family: times new roman,times;\"><strong><span style=\"font-size: 14pt;\">&nbsp;D&rsquo;une certaine fa&ccedil;on, en m&rsquo;appropriant ce cr&acirc;ne pour en faire &laquo;&nbsp;Gertrude&nbsp;&raquo;, j&rsquo;ai d&eacute;cid&eacute; que sa r&eacute;alit&eacute; n&rsquo;&eacute;tait qu&rsquo;une supposition.<\/span><\/strong><\/span><\/p>\n<p><span style=\"font-family: times new roman,times;\"><strong><span style=\"font-size: 14pt;\">Car m&ecirc;me si ce cr&acirc;ne est r&eacute;el sur l&rsquo;&eacute;tag&egrave;re, je n&rsquo;en exploite plus que l&rsquo;image.<\/span><\/strong><\/span><\/p>\n<p><span style=\"font-family: times new roman,times;\"><strong><span style=\"font-size: 14pt;\">L&rsquo;objet cr&acirc;ne ou plut&ocirc;t la chose cr&acirc;ne reste vide &agrave; jamais, vide de substance et de sens. La sensation tactile ou visuelle de sa mat&eacute;rialit&eacute; ne lui donne pas plus d&rsquo;existence que le &laquo;&nbsp;peu&nbsp;&raquo; qui me regarde, elle aurait m&ecirc;me tendance &agrave; l&rsquo;accentuer.<\/span><\/strong><\/span><\/p>\n<p><span style=\"font-family: times new roman,times;\"><strong><span style=\"font-size: 14pt;\">L&rsquo;image, par contre, distanci&eacute;e du r&eacute;el par son essence de re-pr&eacute;sentation, est beaucoup plus riche en &laquo;&nbsp;r&eacute;alit&eacute;s&nbsp;&raquo;, beaucoup plus plastique aux interpr&eacute;tations.<\/span><\/strong><\/span><\/p>\n<p><span style=\"font-family: times new roman,times;\"><strong><span style=\"font-size: 14pt;\">Je ne touche presque plus au cr&acirc;ne, j&rsquo;ai pris mes distances avec la pratique de confrontation directe qui fut la mienne dans le dessin, la peinture ou la photographie&nbsp;; une &eacute;tape que je reconnais n&eacute;cessaire &agrave; sa &laquo;&nbsp;d&eacute;mat&eacute;rialisation&nbsp;&raquo; .<\/span><\/strong><\/span><\/p>\n<p><span style=\"font-family: times new roman,times;\"><strong><span style=\"font-size: 14pt;\">Je passe &agrave; pr&eacute;sent &agrave; c&ocirc;t&eacute; sans le voir&nbsp;; de &laquo;&nbsp;voir&nbsp;&raquo; je suis pass&eacute; &agrave; &laquo;&nbsp;savoir&nbsp;&raquo;, et cela me suffit de le savoir l&agrave;. Peut-&ecirc;tre un jour y reviendrais-je&hellip; dans longtemps ou dans peu, car je ne crois ni au lin&eacute;aire ni au retour du m&ecirc;me.<\/span><\/strong><\/span><\/p>\n<p><span style=\"font-family: times new roman,times;\"><strong><span style=\"font-size: 14pt;\">Toujours est-il que &laquo;&nbsp;Gertrude&nbsp;&raquo; se r&eacute;duit maintenant &agrave; une petite s&eacute;rie de photographies&nbsp;: face, profils gauche et droit, arri&egrave;re et dessous, quelques vues de trois-quarts&hellip; Clich&eacute;s sur lesquels plus j&rsquo;avance et plus je rajoute de couches de mise en sc&egrave;ne et de fard virtuel. Et plus je donne de l&rsquo;&eacute;paisseur &agrave; ces images, moins je vois ce qui me regarde du coin de l&rsquo;&oelig;il au fond du vide de Gertrude.<\/span><\/strong><\/span><\/p>\n<p><span style=\"font-family: times new roman,times;\"><strong><span style=\"font-size: 14pt;\">&laquo;&nbsp;Gertrude&nbsp;&raquo; ne serait-elle pas une &laquo;&nbsp;r&eacute;alit&eacute; augment&eacute;e&nbsp;&raquo; du cr&acirc;ne&nbsp;?<\/span><\/strong><\/span><\/p>\n<p><span style=\"font-family: times new roman,times;\"><strong><span style=\"font-size: 14pt;\">La &laquo;&nbsp;R&eacute;alit&eacute; augment&eacute;e&nbsp;&raquo;, terme appartenant &agrave; la science informatique, d&eacute;signe (de mani&egrave;re raccourcie et filtr&eacute;e &agrave; la moulinette de mon interpr&eacute;tation) le fait d&rsquo;appliquer une couche de virtuel sur le r&eacute;el, et ce, en temps r&eacute;el.<\/span><\/strong><\/span><\/p>\n<p><span style=\"font-family: times new roman,times;\"><strong><span style=\"font-size: 14pt;\">Pour mieux le comprendre ou au contraire le fuir&nbsp;?&#8230;<\/span><\/strong><\/span><\/p>\n<p><span style=\"font-family: times new roman,times;\"><strong><span style=\"font-size: 14pt;\">Cette question m&rsquo;inqui&egrave;te et me ravit &agrave; la fois&nbsp;!<\/span><\/strong><\/span><\/p>\n<p><span style=\"font-family: times new roman,times;\"><strong><span style=\"font-size: 14pt;\">L&rsquo;image &laquo;&nbsp;Gertrude&nbsp;&raquo; t&eacute;moigne virtuellement de la r&eacute;alit&eacute; de l&rsquo;os, lui-m&ecirc;me t&eacute;moin tr&egrave;s &eacute;loign&eacute; de la r&eacute;alit&eacute; de la personne morte dont il est le reste.<\/span><\/strong><\/span><\/p>\n<p><span style=\"font-family: times new roman,times;\"><strong><span style=\"font-size: 14pt;\">L&rsquo;image n&rsquo;est que passage vers une autre r&eacute;alit&eacute;, celle de la mat&eacute;rialit&eacute; de ma pratique&nbsp;: r&eacute;sidu filtr&eacute; d&rsquo;un lointain r&eacute;el ou r&eacute;alit&eacute; augment&eacute;e avec les restes&nbsp;?<\/span><\/strong><\/span><\/p>\n<p style=\"text-align: right;\">&nbsp;<\/p>\n<p style=\"text-align: right;\"><span style=\"font-family: times new roman,times;\"><strong><span style=\"font-size: 14pt;\">Juliette Charpentier, 9 avril 2015<\/span><\/strong><\/span><\/p>\n<p style=\"text-align: right;\">&nbsp;<\/p>\n<p style=\"text-align: center;\"><a href=\"https:\/\/juliettecharpentier.fr\/gertrudes\/wp-content\/uploads\/2016\/04\/Ibp-naHClCmgWmCrCxaK6nqSuWM.jpg\"><img decoding=\"async\" src=\"https:\/\/juliettecharpentier.fr\/gertrudes\/wp-content\/uploads\/2016\/04\/Ibp-naHClCmgWmCrCxaK6nqSuWM@250x232.jpg\" alt=\"Gertrude ou la r&eacute;alit&eacute; augment&eacute;e: L'exception au Capitaine n&deg;8\"\/><\/a><\/p>\n<p style=\"text-align: right;\"><span style=\"font-size: 8pt;\"><strong>Photographie num&eacute;rique de Gertrude (3\/4 dos) modifi&eacute;e par un logiciel informatique de traitement de l&rsquo;image.<\/strong><\/span><\/p>\n<p style=\"text-align: right;\">&nbsp;<\/p>\n<p>&nbsp;<\/p>\n<p>&nbsp;<\/p>\n","protected":false},"excerpt":{"rendered":"<p>&nbsp; &nbsp; JC,&nbsp; 2015, R&eacute;alit&eacute; augment&eacute;e, work in progress. &nbsp; Il est possible que la chose la plus difficile &agrave; appr&eacute;hender dans l&rsquo;exp&eacute;rience &laquo;&nbsp;Gertrude&nbsp;&raquo; soit le rapport qu&rsquo;elle entretient avec le r&eacute;el ou plut&ocirc;t avec la r&eacute;alit&eacute;, notion qui contient d&eacute;j&agrave; en soi une part d&rsquo;interpr&eacute;tation du r&eacute;el. Partons de la supposition que le cr&acirc;ne &hellip; <a href=\"https:\/\/juliettecharpentier.fr\/gertrudes\/gertrude-ou-la-realite-augmentee-l-exception-au-capitaine-n-8-a115573268\/\" class=\"more-link\">Continuer la lecture<span class=\"screen-reader-text\"> de &laquo;&nbsp;Gertrude ou la R\u00e9alit\u00e9 augment\u00e9e: L&rsquo;exception au Capitaine n\u00b08&nbsp;&raquo;<\/span><\/a><\/p>\n","protected":false},"author":1,"featured_media":0,"comment_status":"open","ping_status":"open","sticky":false,"template":"","format":"standard","meta":{"footnotes":""},"categories":[105],"tags":[],"class_list":["post-151","post","type-post","status-publish","format-standard","hentry","category-la-science-de-gertrude"],"post_mailing_queue_ids":[],"_links":{"self":[{"href":"https:\/\/juliettecharpentier.fr\/gertrudes\/wp-json\/wp\/v2\/posts\/151","targetHints":{"allow":["GET"]}}],"collection":[{"href":"https:\/\/juliettecharpentier.fr\/gertrudes\/wp-json\/wp\/v2\/posts"}],"about":[{"href":"https:\/\/juliettecharpentier.fr\/gertrudes\/wp-json\/wp\/v2\/types\/post"}],"author":[{"embeddable":true,"href":"https:\/\/juliettecharpentier.fr\/gertrudes\/wp-json\/wp\/v2\/users\/1"}],"replies":[{"embeddable":true,"href":"https:\/\/juliettecharpentier.fr\/gertrudes\/wp-json\/wp\/v2\/comments?post=151"}],"version-history":[{"count":0,"href":"https:\/\/juliettecharpentier.fr\/gertrudes\/wp-json\/wp\/v2\/posts\/151\/revisions"}],"wp:attachment":[{"href":"https:\/\/juliettecharpentier.fr\/gertrudes\/wp-json\/wp\/v2\/media?parent=151"}],"wp:term":[{"taxonomy":"category","embeddable":true,"href":"https:\/\/juliettecharpentier.fr\/gertrudes\/wp-json\/wp\/v2\/categories?post=151"},{"taxonomy":"post_tag","embeddable":true,"href":"https:\/\/juliettecharpentier.fr\/gertrudes\/wp-json\/wp\/v2\/tags?post=151"}],"curies":[{"name":"wp","href":"https:\/\/api.w.org\/{rel}","templated":true}]}}