{"id":198,"date":"2009-05-22T11:30:02","date_gmt":"2009-05-22T09:30:02","guid":{"rendered":"http:\/\/juliettecharpentier.fr\/gertrudes\/2009\/05\/22\/interlude-les-promenades-de-gertrude-a108953526\/"},"modified":"2009-05-22T11:30:02","modified_gmt":"2009-05-22T09:30:02","slug":"interlude-les-promenades-de-gertrude-a108953526","status":"publish","type":"post","link":"https:\/\/juliettecharpentier.fr\/gertrudes\/interlude-les-promenades-de-gertrude-a108953526\/","title":{"rendered":"Interlude: Les promenades de Gertrude."},"content":{"rendered":"<div style=\"text-align: center;\">     <span style=\"font-size: 36pt;\"><span style=\"font-family: arial black,avant garde;\"><strong><br \/>     HYPERFOCALE<\/p>\n<p><\/strong><\/span><\/span>   <\/div>\n<p>   <\/p>\n<div style=\"text-align: right;\">     <a href=\"https:\/\/juliettecharpentier.fr\/gertrudes\/wp-content\/uploads\/2016\/04\/0VDztzIaoDYmY7NbEIlUd-8G9Bs.jpg\"> <img loading=\"lazy\" decoding=\"async\" src=\"https:\/\/juliettecharpentier.fr\/gertrudes\/wp-content\/uploads\/2016\/04\/KxOubans0x_gFJdfQInTt1gVWHI@595x446.jpg\" style=\"margin:3px auto; display:block; clear:both;\" height=\"446\" width=\"595\" alt=\"\"\/> <\/a><span style=\"font-size: 8pt;\"><span style=\"font-family: times new roman,times;\"><strong>JC, 21\/05\/09, Saint Avertin<\/strong><\/span><\/span>   <\/div>\n<p>   <\/p>\n<div style=\"text-align: center;\">     <span style=\"font-size: 14pt;\"><strong><br \/>     En cherchant \u00e0 ouvrir une fen\u00eatre sur le Monde,<\/strong><\/span><br \/>     <span style=\"font-size: 14pt;\"><strong>Le Capitaine \u00e9labore le prochain Gertrudom\u00e8tre.<\/strong><\/span><\/p>\n<p>     <span style=\"color: #0000ff;\"><span style=\"font-size: 14pt;\"><span style=\"font-family: arial black,avant garde;\"><strong><br \/>     Vol sp\u00e9culaire manifeste sur un nid de reflets<br \/><\/strong><\/span><\/span><\/span><span style=\"text-decoration: underline;\"><a href=\"http:\/\/le-blog-a-vincent.blogspot.com\/2009\/05\/tout-bien-reflechi.html\"><span style=\"color: #0000ff;\"><span style=\"font-size: 14pt;\"><span style=\"font-family: arial black,avant garde;\"><strong>Laboratoire VS<\/strong><\/span><\/span><\/span><\/a><\/span><\/p>\n<p>   <\/div>\n","protected":false},"excerpt":{"rendered":"<p>HYPERFOCALE JC, 21\/05\/09, Saint Avertin En cherchant \u00e0 ouvrir une fen\u00eatre sur le Monde, Le Capitaine \u00e9labore le prochain Gertrudom\u00e8tre. Vol sp\u00e9culaire manifeste sur un nid de refletsLaboratoire VS<\/p>\n","protected":false},"author":1,"featured_media":0,"comment_status":"open","ping_status":"open","sticky":false,"template":"","format":"standard","meta":{"footnotes":""},"categories":[125],"tags":[],"class_list":["post-198","post","type-post","status-publish","format-standard","hentry","category-pause-gertrude"],"post_mailing_queue_ids":[],"_links":{"self":[{"href":"https:\/\/juliettecharpentier.fr\/gertrudes\/wp-json\/wp\/v2\/posts\/198","targetHints":{"allow":["GET"]}}],"collection":[{"href":"https:\/\/juliettecharpentier.fr\/gertrudes\/wp-json\/wp\/v2\/posts"}],"about":[{"href":"https:\/\/juliettecharpentier.fr\/gertrudes\/wp-json\/wp\/v2\/types\/post"}],"author":[{"embeddable":true,"href":"https:\/\/juliettecharpentier.fr\/gertrudes\/wp-json\/wp\/v2\/users\/1"}],"replies":[{"embeddable":true,"href":"https:\/\/juliettecharpentier.fr\/gertrudes\/wp-json\/wp\/v2\/comments?post=198"}],"version-history":[{"count":0,"href":"https:\/\/juliettecharpentier.fr\/gertrudes\/wp-json\/wp\/v2\/posts\/198\/revisions"}],"wp:attachment":[{"href":"https:\/\/juliettecharpentier.fr\/gertrudes\/wp-json\/wp\/v2\/media?parent=198"}],"wp:term":[{"taxonomy":"category","embeddable":true,"href":"https:\/\/juliettecharpentier.fr\/gertrudes\/wp-json\/wp\/v2\/categories?post=198"},{"taxonomy":"post_tag","embeddable":true,"href":"https:\/\/juliettecharpentier.fr\/gertrudes\/wp-json\/wp\/v2\/tags?post=198"}],"curies":[{"name":"wp","href":"https:\/\/api.w.org\/{rel}","templated":true}]}}