{"id":2081,"date":"2016-10-03T00:01:47","date_gmt":"2016-10-02T22:01:47","guid":{"rendered":"http:\/\/juliettecharpentier.fr\/gertrudes\/?p=2081"},"modified":"2016-10-03T09:40:09","modified_gmt":"2016-10-03T07:40:09","slug":"gertrude-nuit-et-jours","status":"publish","type":"post","link":"https:\/\/juliettecharpentier.fr\/gertrudes\/gertrude-nuit-et-jours\/","title":{"rendered":"Gertrude nuit et jour(s)."},"content":{"rendered":"<p>&nbsp;<\/p>\n<p style=\"text-align: center;\"><span style=\"font-family: arial black,sans-serif; font-size: 18pt;\">Ses nuits sont mes jours, elle nuit le jour et j\u2019ouvre ses horribles <em>fisses*<\/em> la nuit longeant le fil en noctambule funambule, pr\u00e9ambule du vide.<\/span><\/p>\n<p style=\"text-align: center;\"><span style=\"font-family: arial black,sans-serif;\">*<em>Fisses<\/em>: N\u00e9ologisme laiss\u00e9 \u00e0 l&rsquo;interpr\u00e9tation de chacun.<\/span><\/p>\n<p><a href=\"https:\/\/juliettecharpentier.fr\/gertrudes\/wp-content\/uploads\/2016\/10\/jour3.jpg\"><img loading=\"lazy\" decoding=\"async\" class=\"alignnone size-full wp-image-2082\" src=\"https:\/\/juliettecharpentier.fr\/gertrudes\/wp-content\/uploads\/2016\/10\/jour3.jpg\" alt=\"jour3\" width=\"3456\" height=\"4608\" srcset=\"https:\/\/juliettecharpentier.fr\/gertrudes\/wp-content\/uploads\/2016\/10\/jour3.jpg 3456w, https:\/\/juliettecharpentier.fr\/gertrudes\/wp-content\/uploads\/2016\/10\/jour3-225x300.jpg 225w, https:\/\/juliettecharpentier.fr\/gertrudes\/wp-content\/uploads\/2016\/10\/jour3-768x1024.jpg 768w, https:\/\/juliettecharpentier.fr\/gertrudes\/wp-content\/uploads\/2016\/10\/jour3-1200x1600.jpg 1200w\" sizes=\"auto, (max-width: 709px) 85vw, (max-width: 909px) 67vw, (max-width: 1362px) 62vw, 840px\" \/><\/a><\/p>\n<p style=\"text-align: right;\"><a href=\"https:\/\/juliettecharpentier.fr\/gertrudes\/wp-content\/uploads\/2016\/10\/jour4.jpg\"><img loading=\"lazy\" decoding=\"async\" class=\"size-medium wp-image-2083 aligncenter\" src=\"https:\/\/juliettecharpentier.fr\/gertrudes\/wp-content\/uploads\/2016\/10\/jour4-227x300.jpg\" alt=\"\" width=\"227\" height=\"300\" srcset=\"https:\/\/juliettecharpentier.fr\/gertrudes\/wp-content\/uploads\/2016\/10\/jour4-227x300.jpg 227w, https:\/\/juliettecharpentier.fr\/gertrudes\/wp-content\/uploads\/2016\/10\/jour4-768x1014.jpg 768w, https:\/\/juliettecharpentier.fr\/gertrudes\/wp-content\/uploads\/2016\/10\/jour4-776x1024.jpg 776w, https:\/\/juliettecharpentier.fr\/gertrudes\/wp-content\/uploads\/2016\/10\/jour4-1200x1584.jpg 1200w\" sizes=\"auto, (max-width: 227px) 85vw, 227px\" \/><\/a><strong><span style=\"font-family: times new roman,times,serif; font-size: 8pt;\">JC, septembre 2016, <em>Gertrude nuit,<\/em> fil, toile de jute ajour\u00e9e, 24 x 30 cm<\/span><\/strong><\/p>\n<p style=\"text-align: center;\"><span style=\"font-family: arial black,sans-serif; font-size: 14pt;\">Cela fait huit ans et neuf mois que Gertrude nuit sur la Toile et que la Cr\u00e2neuse ajoure les toiles. <\/span><\/p>\n","protected":false},"excerpt":{"rendered":"<p>&nbsp; Ses nuits sont mes jours, elle nuit le jour et j\u2019ouvre ses horribles fisses* la nuit longeant le fil en noctambule funambule, pr\u00e9ambule du vide. *Fisses: N\u00e9ologisme laiss\u00e9 \u00e0 l&rsquo;interpr\u00e9tation de chacun. JC, septembre 2016, Gertrude nuit, fil, toile de jute ajour\u00e9e, 24 x 30 cm Cela fait huit ans et neuf mois que &hellip; <a href=\"https:\/\/juliettecharpentier.fr\/gertrudes\/gertrude-nuit-et-jours\/\" class=\"more-link\">Continuer la lecture<span class=\"screen-reader-text\"> de &laquo;&nbsp;Gertrude nuit et jour(s).&nbsp;&raquo;<\/span><\/a><\/p>\n","protected":false},"author":3,"featured_media":0,"comment_status":"open","ping_status":"open","sticky":false,"template":"","format":"standard","meta":{"footnotes":""},"categories":[181,184,186],"tags":[],"class_list":["post-2081","post","type-post","status-publish","format-standard","hentry","category-le-noir-lui-va-si-bien","category-noir-dessein","category-ombres"],"post_mailing_queue_ids":[],"_links":{"self":[{"href":"https:\/\/juliettecharpentier.fr\/gertrudes\/wp-json\/wp\/v2\/posts\/2081","targetHints":{"allow":["GET"]}}],"collection":[{"href":"https:\/\/juliettecharpentier.fr\/gertrudes\/wp-json\/wp\/v2\/posts"}],"about":[{"href":"https:\/\/juliettecharpentier.fr\/gertrudes\/wp-json\/wp\/v2\/types\/post"}],"author":[{"embeddable":true,"href":"https:\/\/juliettecharpentier.fr\/gertrudes\/wp-json\/wp\/v2\/users\/3"}],"replies":[{"embeddable":true,"href":"https:\/\/juliettecharpentier.fr\/gertrudes\/wp-json\/wp\/v2\/comments?post=2081"}],"version-history":[{"count":7,"href":"https:\/\/juliettecharpentier.fr\/gertrudes\/wp-json\/wp\/v2\/posts\/2081\/revisions"}],"predecessor-version":[{"id":2094,"href":"https:\/\/juliettecharpentier.fr\/gertrudes\/wp-json\/wp\/v2\/posts\/2081\/revisions\/2094"}],"wp:attachment":[{"href":"https:\/\/juliettecharpentier.fr\/gertrudes\/wp-json\/wp\/v2\/media?parent=2081"}],"wp:term":[{"taxonomy":"category","embeddable":true,"href":"https:\/\/juliettecharpentier.fr\/gertrudes\/wp-json\/wp\/v2\/categories?post=2081"},{"taxonomy":"post_tag","embeddable":true,"href":"https:\/\/juliettecharpentier.fr\/gertrudes\/wp-json\/wp\/v2\/tags?post=2081"}],"curies":[{"name":"wp","href":"https:\/\/api.w.org\/{rel}","templated":true}]}}