{"id":2337,"date":"2017-10-03T00:00:44","date_gmt":"2017-10-02T22:00:44","guid":{"rendered":"http:\/\/juliettecharpentier.fr\/gertrudes\/?p=2337"},"modified":"2017-10-01T14:28:55","modified_gmt":"2017-10-01T12:28:55","slug":"os-in-textricable","status":"publish","type":"post","link":"https:\/\/juliettecharpentier.fr\/gertrudes\/os-in-textricable\/","title":{"rendered":"Os in-textricable."},"content":{"rendered":"<p style=\"text-align: center;\"><span style=\"font-family: arial black,sans-serif; font-size: 18pt;\">Neuf ans et neuf mois de toile et d&rsquo;\u00e9criture: Gertrude est toujours aussi <\/span><\/p>\n<p style=\"text-align: center;\"><span style=\"font-family: arial black,sans-serif; font-size: 36pt;\"><strong><em>IN-TEXTRICABLE<\/em><\/strong><\/span><\/p>\n<p style=\"text-align: right;\"><a href=\"https:\/\/juliettecharpentier.fr\/gertrudes\/wp-content\/uploads\/2017\/10\/PA010002.jpg\"><img loading=\"lazy\" decoding=\"async\" class=\"aligncenter size-full wp-image-2338\" src=\"https:\/\/juliettecharpentier.fr\/gertrudes\/wp-content\/uploads\/2017\/10\/PA010002.jpg\" alt=\"\" width=\"3030\" height=\"4060\" srcset=\"https:\/\/juliettecharpentier.fr\/gertrudes\/wp-content\/uploads\/2017\/10\/PA010002.jpg 3030w, https:\/\/juliettecharpentier.fr\/gertrudes\/wp-content\/uploads\/2017\/10\/PA010002-224x300.jpg 224w, https:\/\/juliettecharpentier.fr\/gertrudes\/wp-content\/uploads\/2017\/10\/PA010002-768x1029.jpg 768w, https:\/\/juliettecharpentier.fr\/gertrudes\/wp-content\/uploads\/2017\/10\/PA010002-764x1024.jpg 764w, https:\/\/juliettecharpentier.fr\/gertrudes\/wp-content\/uploads\/2017\/10\/PA010002-1200x1608.jpg 1200w\" sizes=\"auto, (max-width: 709px) 85vw, (max-width: 909px) 67vw, (max-width: 1362px) 62vw, 840px\" \/><\/a><span style=\"font-size: 8pt;\"><strong><span style=\"font-family: times new roman,times,serif;\">JC, septembre 2017, <em>L&rsquo;Os in-textricable<\/em>, papier imprim\u00e9 d\u00e9coup\u00e9 et coll\u00e9 selon la technique (ou presque) des paperolles, cadre, 24 x 33 cm.<\/span><\/strong><\/span><\/p>\n<p><span style=\"font-family: arial black,sans-serif; font-size: 14pt;\">Cette pi\u00e8ce a \u00e9t\u00e9 r\u00e9alis\u00e9e avec une patience d\u2019illettr\u00e9e \u00e0 partir de l&rsquo;impression sur papier du texte initialement \u00e9crit \u00e0 l&rsquo;occasion du 9 avril 2014 (cliquez <a href=\"https:\/\/juliettecharpentier.fr\/gertrudes\/le-motif-gertrude-l-exception-au-capitaine-n-7-a108953512\/\">ici)<\/a> et retranscrit ci-dessous:<\/span><\/p>\n<p><strong><em><span style=\"font-family: times new roman,times,serif;\">La r\u00e9p\u00e9tition du m\u00eame motif n\u2019est pas quelque chose de nouveau dans ma pratique.<\/span><\/em><\/strong><\/p>\n<p><strong><em><span style=\"font-family: times new roman,times,serif;\">Enfant, je dessinais des \u00ab\u00a0usines \u00e0 poulets\u00a0\u00bb, des enchainements sans fin de machines, d\u2019engrenages, de tapis roulants, de rouages autour desquels s\u2019activaient sans rel\u00e2che des volatiles \u00e0 cr\u00eates h\u00e9riss\u00e9s et aux pattes gr\u00eales.<\/span><\/em><\/strong><\/p>\n<p><strong><em><span style=\"font-family: times new roman,times,serif;\">Je me souviens tr\u00e8s bien du plaisir que j\u2019\u00e9prouvais \u00e0 d\u00e9tailler cette activit\u00e9 et \u00e0 remplir la surface du papier de toutes les possibilit\u00e9s articulatoires que m\u2019offrait ce syst\u00e8me jusqu\u2019\u00e0 celle de continuer sur une autre feuille. Je ne pense pas m\u2019\u00eatre ennuy\u00e9e une seule fois \u00e0 dessiner ces combinaisons r\u00e9p\u00e9titives et il me semble avoir poursuivi cette marotte un certain nombre d\u2019ann\u00e9es.<\/span><\/em><\/strong><\/p>\n<p><strong><em><span style=\"font-family: times new roman,times,serif;\">\u00c0 l\u2019\u00e2ge adulte, alors que je commen\u00e7ais \u00e0 avoir une pratique de peintre \u00e0 l\u2019\u00c9cole des Beaux-arts, j\u2019ai tr\u00e8s vite retrouv\u00e9 cette jubilation de la r\u00e9p\u00e9tition.<\/span><\/em><\/strong><\/p>\n<p><strong><em><span style=\"font-family: times new roman,times,serif;\">Il est une p\u00e9riode ant\u00e9rieure aux \u00e9pisodes abord\u00e9es pr\u00e9c\u00e9demment dans ce blog o\u00f9 je pris v\u00e9ritablement conscience du pouvoir de renouvellement de la r\u00e9p\u00e9tition, ainsi que de sa capacit\u00e9 \u00e0 provoquer le surgissement de ph\u00e9nom\u00e8nes nouveaux.<\/span><\/em><\/strong><\/p>\n<p><strong><em><span style=\"font-family: times new roman,times,serif;\">Je m\u00e9langeais alors autoportraits et motifs d\u00e9coratifs (parfois \u00ab\u00a0emprunt\u00e9s\u00a0\u00bb \u00e0 ceux si beaux d\u2019Henri Matisse). Je travaillais avec des pigments m\u00e9lang\u00e9s \u00e0 de la paraffine que je faisais chauffer, et que je devais appliquer imm\u00e9diatement sur le support avant qu\u2019elle ne fige.<\/span><\/em><\/strong><\/p>\n<p><strong><em><span style=\"font-family: times new roman,times,serif;\">Tr\u00e8s vite, je me d\u00e9sint\u00e9ressai de l\u2019aspect \u00ab\u00a0autoportrait\u00a0\u00bb pour ne plus peindre ainsi que des motifs d\u00e9coratifs. L\u2019int\u00e9r\u00eat de cette peinture abstraite, r\u00e9p\u00e9titive en all-over, associ\u00e9e au proc\u00e9d\u00e9 de la cire, \u00e9tait qu\u2019elle r\u00e9v\u00e9lait brutalement la surface du support avec une grande mat\u00e9rialit\u00e9 en s\u2019affirmant autant en fond qu\u2019en forme\u00a0; ces derniers se retrouvant \u00e0 \u00e9galit\u00e9 dans la \u00ab\u00a0lecture\u00a0\u00bb du motif sans aucune hi\u00e9rarchie.<\/span><\/em><\/strong><\/p>\n<p><strong><em><span style=\"font-family: times new roman,times,serif;\">Ce fut pour moi une vraie r\u00e9v\u00e9lation de peintre, car entre ce fond et cette forme juxtapos\u00e9s sur le m\u00eame plan, surgissait un nouvel espace, un interstice de jonction qui respirait au gr\u00e9 de mon geste r\u00e9p\u00e9t\u00e9 mais chaque fois renouvel\u00e9\u00a0; une sorte de fontanelle mouvante en promesse de devenir dont la sensation (que j\u2019attribue, peut-\u00eatre \u00e0 tort \u00e0 tout ph\u00e9nom\u00e8ne de picturalit\u00e9) ne m\u2019a plus jamais quitt\u00e9e et m\u2019a convaincue \u00e0 jamais qu\u2019il \u00e9tait inutile \u00ab\u00a0d\u2019inventer\u00a0\u00bb de nouvelles formes pour renouveler la peinture\u00a0; que cette derni\u00e8re s\u2019alimentait d\u2019elle-m\u00eame des infimes et infinis d\u00e9calages que la picturalit\u00e9 \u00e9tait susceptible de g\u00e9n\u00e9rer.<\/span><\/em><\/strong><\/p>\n<p><strong><em><span style=\"font-family: times new roman,times,serif;\">Ce constat peut para\u00eetre \u00e9vident, voire banal, mais je sais qu\u2019il faut non seulement en faire l\u2019exp\u00e9rience mais aussi avoir ce \u00ab\u00a0d\u00e9clic\u00a0\u00bb de la vision pour le prendre \u00e0 son compte.<\/span><\/em><\/strong><\/p>\n<p><strong><em><span style=\"font-family: times new roman,times,serif;\">On pourrait penser que l\u2019activit\u00e9 Gertrude \u00e9chappe \u00e0 cette voie de peinture dans laquelle je pr\u00e9tends m\u2019\u00eatre engag\u00e9e depuis plus de trente ans.<\/span><\/em><\/strong><\/p>\n<p><strong><em><span style=\"font-family: times new roman,times,serif;\">J\u2019ai pu le croire aussi quand, exhumant Gertrude de l\u2019oubli, j\u2019eus l\u2019ambition de lui \u00ab\u00a0inventer\u00a0\u00bb ou lui \u00ab\u00a0red\u00e9couvrir\u00a0\u00bb une histoire, un pass\u00e9, une m\u00e9moire. Mon activit\u00e9 aurait pu ainsi basculer du c\u00f4t\u00e9 de l\u2019imagerie d\u2019une fiction, peut-\u00eatre en a-t-elle parfois titill\u00e9 les limites.<\/span><\/em><\/strong><\/p>\n<p><strong><em><span style=\"font-family: times new roman,times,serif;\">Mais Gertrude au fil des ann\u00e9es s\u2019est r\u00e9v\u00e9l\u00e9e un motif puissant, bien plus puissant que son \u00ab\u00a0histoire\u00a0\u00bb. Gertrude, malgr\u00e9 mes r\u00e9solutions, mise en avant comme sujet, est rest\u00e9e objet. Elle a m\u00eame renforc\u00e9 sa qualit\u00e9 d\u2019objet en me d\u00e9signant, moi, comme sujet.<\/span><\/em><\/strong><\/p>\n<p><strong><em><span style=\"font-family: times new roman,times,serif;\">Certes, la pratique concr\u00e8te de la peinture est particuli\u00e8rement mise \u00e0 distance dans cette aventure, mais contre toute attente, je reste plus que jamais le peintre, le peintre de Gertrude, le seul autoproclam\u00e9 dont Gertrude est la motivation, le motif\/mod\u00e8le, le motif r\u00e9p\u00e9titif.<\/span><\/em><\/strong><\/p>\n<p><strong><em><span style=\"font-family: times new roman,times,serif;\">Malgr\u00e9 une assez grande vari\u00e9t\u00e9 de mises en \u0153uvre, le motif Gertrude, de point de vue litt\u00e9ral, se limite \u00e0 quelques repr\u00e9sentations de face et de profil, dessins, peintures, modifications infographiques dont les mod\u00e8les ne sont, ni plus ni moins, que les quelques photographies de d\u00e9part que j\u2019ai r\u00e9alis\u00e9es du cr\u00e2ne de Gertrude.<\/span><\/em><\/strong><\/p>\n<p><strong><em><span style=\"font-family: times new roman,times,serif;\">L\u2019utilisation de ces repr\u00e9sentations dans des r\u00e9alisations plus ou moins farfelues, au gr\u00e9 des mes envies, des rencontres, des circonstances ont fait de Gertrude une image, qui bien s\u00fbr, lui reste propre, \u00e9tant toujours celle de sa \u00ab\u00a0physionomie\u00a0\u00bb unique, mais qui se vide peu \u00e0 peu de sens en flirtant avec celle st\u00e9r\u00e9otyp\u00e9e et tr\u00e8s \u00e0 la mode de la t\u00eate de mort.<\/span><\/em><\/strong><\/p>\n<p><strong><em><span style=\"font-family: times new roman,times,serif;\">On peut ainsi autant se questionner sur les capacit\u00e9s \u00ab\u00a0d\u00e9coratives\u00a0\u00bb de Gertrude dans la composition d\u2019objets\/bricolages qui, souvent, n\u2019ont plus grand chose \u00e0 voir avec une \u00ab\u00a0m\u00e9moire gertrudienne\u00a0\u00bb que sur celles \u00e0 \u00ab\u00a0jouer\u00a0\u00bb \u00e0 l\u2019infini les \u00ab\u00a0vanit\u00e9s\u00a0\u00bb en tant que \u00ab\u00a0reste humain\u00a0\u00bb et \u00e0 d\u00e9ranger ainsi les petits arrangements d\u2019une plasticienne dilettante qui n\u2019a ni le temps ni le courage de combattre en peinture.<\/span><\/em><\/strong><\/p>\n<p><strong><em><span style=\"font-family: times new roman,times,serif;\">Gertrude, ainsi, se r\u00e9p\u00e8te sans en avoir l\u2019air, n\u2019abordant de front ni la mort, ni elle-m\u00eame, ni moi, effleurant la surface des choses en restant chose. Quant \u00e0 moi, je procrastine une peinture \u00e0 laquelle je consacrerai tout mon temps quand je l\u2019aurai et quand il sera temps et pas trop tard, et o\u00f9, enfin, je ferai surgir entre Gertrude et le fond qu\u2019elle trimballe la v\u00e9rit\u00e9 de sa vraie nature. <\/span><\/em><\/strong><\/p>\n<p style=\"text-align: right;\"><strong><em><span style=\"font-family: times new roman,times,serif;\">Juliette Charpentier, Paris, le 9 avril 2014<br \/>\n<\/span><\/em><\/strong><\/p>\n<p><a href=\"https:\/\/juliettecharpentier.fr\/gertrudes\/wp-content\/uploads\/2017\/10\/PA010044.jpg\"><img loading=\"lazy\" decoding=\"async\" class=\"aligncenter size-medium wp-image-2339\" src=\"https:\/\/juliettecharpentier.fr\/gertrudes\/wp-content\/uploads\/2017\/10\/PA010044-300x225.jpg\" alt=\"\" width=\"300\" height=\"225\" srcset=\"https:\/\/juliettecharpentier.fr\/gertrudes\/wp-content\/uploads\/2017\/10\/PA010044-300x225.jpg 300w, https:\/\/juliettecharpentier.fr\/gertrudes\/wp-content\/uploads\/2017\/10\/PA010044-768x576.jpg 768w, https:\/\/juliettecharpentier.fr\/gertrudes\/wp-content\/uploads\/2017\/10\/PA010044-1024x768.jpg 1024w, https:\/\/juliettecharpentier.fr\/gertrudes\/wp-content\/uploads\/2017\/10\/PA010044-1200x900.jpg 1200w\" sizes=\"auto, (max-width: 300px) 85vw, 300px\" \/><\/a><\/p>\n","protected":false},"excerpt":{"rendered":"<p>Neuf ans et neuf mois de toile et d&rsquo;\u00e9criture: Gertrude est toujours aussi IN-TEXTRICABLE JC, septembre 2017, L&rsquo;Os in-textricable, papier imprim\u00e9 d\u00e9coup\u00e9 et coll\u00e9 selon la technique (ou presque) des paperolles, cadre, 24 x 33 cm. Cette pi\u00e8ce a \u00e9t\u00e9 r\u00e9alis\u00e9e avec une patience d\u2019illettr\u00e9e \u00e0 partir de l&rsquo;impression sur papier du texte initialement \u00e9crit &hellip; <a href=\"https:\/\/juliettecharpentier.fr\/gertrudes\/os-in-textricable\/\" class=\"more-link\">Continuer la lecture<span class=\"screen-reader-text\"> de &laquo;&nbsp;Os in-textricable.&nbsp;&raquo;<\/span><\/a><\/p>\n","protected":false},"author":1,"featured_media":0,"comment_status":"open","ping_status":"open","sticky":false,"template":"","format":"standard","meta":{"footnotes":""},"categories":[129,105,141,2],"tags":[],"class_list":["post-2337","post","type-post","status-publish","format-standard","hentry","category-l-histoire-de-gertrude","category-la-science-de-gertrude","category-les-jeux-de-gertrude","category-les-performances-de-gertrude"],"post_mailing_queue_ids":[],"_links":{"self":[{"href":"https:\/\/juliettecharpentier.fr\/gertrudes\/wp-json\/wp\/v2\/posts\/2337","targetHints":{"allow":["GET"]}}],"collection":[{"href":"https:\/\/juliettecharpentier.fr\/gertrudes\/wp-json\/wp\/v2\/posts"}],"about":[{"href":"https:\/\/juliettecharpentier.fr\/gertrudes\/wp-json\/wp\/v2\/types\/post"}],"author":[{"embeddable":true,"href":"https:\/\/juliettecharpentier.fr\/gertrudes\/wp-json\/wp\/v2\/users\/1"}],"replies":[{"embeddable":true,"href":"https:\/\/juliettecharpentier.fr\/gertrudes\/wp-json\/wp\/v2\/comments?post=2337"}],"version-history":[{"count":3,"href":"https:\/\/juliettecharpentier.fr\/gertrudes\/wp-json\/wp\/v2\/posts\/2337\/revisions"}],"predecessor-version":[{"id":2342,"href":"https:\/\/juliettecharpentier.fr\/gertrudes\/wp-json\/wp\/v2\/posts\/2337\/revisions\/2342"}],"wp:attachment":[{"href":"https:\/\/juliettecharpentier.fr\/gertrudes\/wp-json\/wp\/v2\/media?parent=2337"}],"wp:term":[{"taxonomy":"category","embeddable":true,"href":"https:\/\/juliettecharpentier.fr\/gertrudes\/wp-json\/wp\/v2\/categories?post=2337"},{"taxonomy":"post_tag","embeddable":true,"href":"https:\/\/juliettecharpentier.fr\/gertrudes\/wp-json\/wp\/v2\/tags?post=2337"}],"curies":[{"name":"wp","href":"https:\/\/api.w.org\/{rel}","templated":true}]}}