{"id":271,"date":"2010-01-03T00:02:02","date_gmt":"2010-01-02T23:02:02","guid":{"rendered":"http:\/\/juliettecharpentier.fr\/gertrudes\/2010\/01\/03\/les-impressions-de-gertrude-a108953712\/"},"modified":"2017-12-24T16:29:14","modified_gmt":"2017-12-24T15:29:14","slug":"les-impressions-de-gertrude-a108953712","status":"publish","type":"post","link":"https:\/\/juliettecharpentier.fr\/gertrudes\/les-impressions-de-gertrude-a108953712\/","title":{"rendered":"Les impressions de Gertrude"},"content":{"rendered":"<div style=\"text-align: center;\"><span style=\"font-size: 18pt;\"><span style=\"font-family: arial black,avant garde;\"><strong><br \/>\nAujourd&rsquo;hui, cela fait exactement deux ans <\/strong><\/span><\/span><\/div>\n<div style=\"text-align: center;\"><\/div>\n<div style=\"text-align: center;\"><span style=\"font-size: 18pt;\"><span style=\"font-family: arial black,avant garde;\"><strong>que Gertrude est en ligne<\/strong><\/span><\/span><\/div>\n<div style=\"text-align: center;\"><span style=\"font-size: 18pt;\"><br \/>\n<span style=\"font-family: arial black,avant garde;\"><strong>et p\u00eache les illusions sur la Toile<\/p>\n<p><\/strong><\/span><\/span><\/div>\n<address style=\"text-align: right;\"><img loading=\"lazy\" decoding=\"async\" class=\"aligncenter\" style=\"margin: 3px auto; display: block; clear: both;\" src=\"https:\/\/juliettecharpentier.fr\/gertrudes\/wp-content\/uploads\/2016\/04\/wOQ3Ec4yfyJBT-wFC-G72BvbCCA.jpg\" alt=\"img 0206\" width=\"600\" height=\"450\" \/><span style=\"font-size: 8pt;\"><span style=\"font-family: times new roman,times;\"><strong>JC, D\u00e9cembre 2009<em>,<br \/>\nLa peau cathartique de Gertrude N\u00b02<\/em>,<br \/>\nempreintes int\u00e9rieures du cr\u00e2ne de Gertrude en argile dor\u00e9es \u00e0 la feuille, bo\u00eete \u00e0 mouches de p\u00eache achet\u00e9e sur Internet,<br \/>\n3 x 10 x 15 cm<\/strong><\/span><\/span><\/address>\n<p><!--StartFragment--><span style=\"color: #0000ff;\"><span style=\"font-size: 14pt;\"><em><span style=\"font-family: times new roman,times;\"><strong>Tout se passait comme si, sur une route ne menant nulle part en particulier, on rencontrait successivement des groupes de voyageurs eux aussi ignorants de leur but et crois\u00e9s seulement l\u2019espace d\u2019un clin d\u2019\u0153il. D\u2019autres, au contraire, vous accompagnaient un petit bout de chemin, pour dispara\u00eetre sans raison au prochain tournant, volatilis\u00e9s comme des ombres. On ne comprenait pas pourquoi ces gens s\u2019imposaient \u00e0 votre esprit, occupaient votre imagination, parfois m\u00eame vous d\u00e9voraient le c\u0153ur, avant de s\u2019avouer pour ce qu\u2019ils \u00e9taient\u00a0: des fant\u00f4mes. De leur c\u00f4t\u00e9, ils en pensaient peut-\u00eatre autant de vous, \u00e0 supposer qu\u2019ils fussent de nature \u00e0 penser quelque chose. Tout cela \u00e9tait de l\u2019ordre de la fantasmagorie et du songe.<\/strong><\/span><\/em><\/span><\/span><\/p>\n<p style=\"text-align: right;\">\n<p style=\"text-align: right;\"><span style=\"font-family: times new roman,times;\"><strong>\u00a0<\/strong><\/span><\/p>\n<p style=\"text-align: right;\"><span style=\"font-size: 12pt;\"><span style=\"font-family: times new roman,times;\"><strong><span style=\"color: #0000ff;\">Marguerite Yourcenar,<\/span> <em><span style=\"color: #0000ff;\">Un homme obscur.<\/span><br \/>\n<\/em><\/strong><\/span><\/span><\/p>\n<p>&nbsp;<br \/>\n<img decoding=\"async\" class=\"noAlign alignleft\" src=\"https:\/\/juliettecharpentier.fr\/gertrudes\/wp-content\/uploads\/2016\/04\/DIJWCUCv9gfviiZOyU7UXtP6UAg.jpg\" alt=\"img_0161.jpg\" \/><img decoding=\"async\" class=\"noAlign alignleft\" src=\"https:\/\/juliettecharpentier.fr\/gertrudes\/wp-content\/uploads\/2016\/04\/SXZjC4tDHsHzsFSIqQqY7Y22MHo.jpg\" alt=\"e4\" \/><img decoding=\"async\" class=\"noAlign alignleft\" src=\"https:\/\/juliettecharpentier.fr\/gertrudes\/wp-content\/uploads\/2016\/04\/Az1YL9cyOQAXDRAItK0W85MIgVk.jpg\" alt=\"e5\" \/><img decoding=\"async\" class=\"noAlign alignleft\" src=\"https:\/\/juliettecharpentier.fr\/gertrudes\/wp-content\/uploads\/2016\/04\/ysmXJo27bTywmakAk3rWuTBnw40.jpg\" alt=\"e6\" \/><img decoding=\"async\" class=\"noAlign alignleft\" src=\"https:\/\/juliettecharpentier.fr\/gertrudes\/wp-content\/uploads\/2016\/04\/4Pe1-3xR3Ydm9iT1vIPkScBfe1k.jpg\" alt=\"e7\" \/><img decoding=\"async\" class=\"noAlign alignleft\" src=\"https:\/\/juliettecharpentier.fr\/gertrudes\/wp-content\/uploads\/2016\/04\/Kq4CbkGvnlCaS7dQNRhFKolpIDA.jpg\" alt=\"e8\" \/><img decoding=\"async\" class=\"noAlign alignleft\" src=\"https:\/\/juliettecharpentier.fr\/gertrudes\/wp-content\/uploads\/2016\/04\/MdblD5uAHGPf2Fr-MlIUV6UxU6A.jpg\" alt=\"e10\" \/><img decoding=\"async\" class=\"noAlign alignnone\" src=\"https:\/\/juliettecharpentier.fr\/gertrudes\/wp-content\/uploads\/2016\/04\/PDeQPshyjRSci-jnVWNst_5BRFo.jpg\" alt=\"e11\" \/><img decoding=\"async\" class=\"noAlign alignleft\" src=\"https:\/\/juliettecharpentier.fr\/gertrudes\/wp-content\/uploads\/2016\/04\/hOYUetqweGOKkw5oPWLapJF9km4.jpg\" alt=\"e12\" \/><img decoding=\"async\" class=\"noAlign alignleft\" src=\"https:\/\/juliettecharpentier.fr\/gertrudes\/wp-content\/uploads\/2016\/04\/Pi81ZKZULmh-EMhIMjfiAm6Nu8g.jpg\" alt=\"e13\" \/><a href=\"http:\/\/www.youtube.com\/watch?v=xrUX9PLvBLk&amp;feature=player_embedded\"><img decoding=\"async\" class=\"noAlign alignleft\" src=\"https:\/\/juliettecharpentier.fr\/gertrudes\/wp-content\/uploads\/2016\/04\/IMIi_gjEzsgkj7hCDzvUx3G-CDQ.jpg\" alt=\"e14\" \/><\/a><img decoding=\"async\" class=\"noAlign alignleft\" src=\"https:\/\/juliettecharpentier.fr\/gertrudes\/wp-content\/uploads\/2016\/04\/6mjB4vaxFCdd_d79BtPzwUYQuzM.jpg\" alt=\"img 0159\" \/><\/p>\n<div style=\"text-align: right;\"><span style=\"font-size: 8pt;\"><span style=\"font-family: times new roman,times;\"><em><strong>JC, Empreintes du cr\u00e2ne de Gertrude en argile, dimensions variables.<\/strong><\/em><\/span><\/span><\/div>\n<div style=\"text-align: center;\"><span style=\"font-family: arial black,avant garde;\"><strong><br \/>\nPianotez sur les empreintes du cr\u00e2ne de Gertrude pour \u00e9couter ses impressions.<\/strong><\/span><\/div>\n","protected":false},"excerpt":{"rendered":"<p>Aujourd&rsquo;hui, cela fait exactement deux ans que Gertrude est en ligne et p\u00eache les illusions sur la Toile JC, D\u00e9cembre 2009, La peau cathartique de Gertrude N\u00b02, empreintes int\u00e9rieures du cr\u00e2ne de Gertrude en argile dor\u00e9es \u00e0 la feuille, bo\u00eete \u00e0 mouches de p\u00eache achet\u00e9e sur Internet, 3 x 10 x 15 cm Tout se &hellip; <a href=\"https:\/\/juliettecharpentier.fr\/gertrudes\/les-impressions-de-gertrude-a108953712\/\" class=\"more-link\">Continuer la lecture<span class=\"screen-reader-text\"> de &laquo;&nbsp;Les impressions de Gertrude&nbsp;&raquo;<\/span><\/a><\/p>\n","protected":false},"author":1,"featured_media":0,"comment_status":"open","ping_status":"open","sticky":false,"template":"","format":"standard","meta":{"footnotes":""},"categories":[135],"tags":[],"class_list":["post-271","post","type-post","status-publish","format-standard","hentry","category-memoire-de-gertrude"],"post_mailing_queue_ids":[],"_links":{"self":[{"href":"https:\/\/juliettecharpentier.fr\/gertrudes\/wp-json\/wp\/v2\/posts\/271","targetHints":{"allow":["GET"]}}],"collection":[{"href":"https:\/\/juliettecharpentier.fr\/gertrudes\/wp-json\/wp\/v2\/posts"}],"about":[{"href":"https:\/\/juliettecharpentier.fr\/gertrudes\/wp-json\/wp\/v2\/types\/post"}],"author":[{"embeddable":true,"href":"https:\/\/juliettecharpentier.fr\/gertrudes\/wp-json\/wp\/v2\/users\/1"}],"replies":[{"embeddable":true,"href":"https:\/\/juliettecharpentier.fr\/gertrudes\/wp-json\/wp\/v2\/comments?post=271"}],"version-history":[{"count":2,"href":"https:\/\/juliettecharpentier.fr\/gertrudes\/wp-json\/wp\/v2\/posts\/271\/revisions"}],"predecessor-version":[{"id":2455,"href":"https:\/\/juliettecharpentier.fr\/gertrudes\/wp-json\/wp\/v2\/posts\/271\/revisions\/2455"}],"wp:attachment":[{"href":"https:\/\/juliettecharpentier.fr\/gertrudes\/wp-json\/wp\/v2\/media?parent=271"}],"wp:term":[{"taxonomy":"category","embeddable":true,"href":"https:\/\/juliettecharpentier.fr\/gertrudes\/wp-json\/wp\/v2\/categories?post=271"},{"taxonomy":"post_tag","embeddable":true,"href":"https:\/\/juliettecharpentier.fr\/gertrudes\/wp-json\/wp\/v2\/tags?post=271"}],"curies":[{"name":"wp","href":"https:\/\/api.w.org\/{rel}","templated":true}]}}