{"id":2744,"date":"2019-04-09T00:00:03","date_gmt":"2019-04-08T22:00:03","guid":{"rendered":"http:\/\/juliettecharpentier.fr\/gertrudes\/?p=2744"},"modified":"2019-04-09T18:12:05","modified_gmt":"2019-04-09T16:12:05","slug":"gertrude-avant-gertrude-lexception-au-capitaine-n12","status":"publish","type":"post","link":"https:\/\/juliettecharpentier.fr\/gertrudes\/gertrude-avant-gertrude-lexception-au-capitaine-n12\/","title":{"rendered":"Gertrude avant Gertrude: L\u2019exception au Capitaine n\u00b012"},"content":{"rendered":"<p>&nbsp;<\/p>\n<p style=\"text-align: center;\"><span style=\"font-family: arial black, sans-serif; font-size: 18pt;\">Et si Gertrude \u00e9tait<br \/>\n<\/span><span style=\"font-family: arial black, sans-serif; font-size: 18pt;\">une machine \u00e0 remonter le temps\u00a0?<\/span><\/p>\n<p><span style=\"font-family: arial black, sans-serif; font-size: 18pt;\">\u00ab<em>\u00a0\u2026 Arriv\u00e9e \u00e0 mon \u00e2ge, on se dit finalement qu\u2019on a plus de pass\u00e9 que de futur, bien plus \u00e0 raconter \u00e0 rebours qu\u2019en avant\u2026\u00a0\u00bb<\/em><\/span><\/p>\n<p style=\"text-align: center;\"><span style=\"font-family: arial black, sans-serif; font-size: 18pt;\">En attendant que<br \/>\nla Capitaine Cr\u00e2neuse<br \/>\nconcr\u00e9tise un tel projet<br \/>\nqu\u2019elle procrastine un peu<br \/>\nbulle de temps en temps<br \/>\n<\/span><span style=\"font-family: arial black, sans-serif; font-size: 18pt;\">reporte au lendemain<br \/>\nquelques r\u00e9trop\u00e9dalages dans l&rsquo;os<br \/>\nvous pouvez toujours<br \/>\nlire ou relire le texte<br \/>\n<a href=\"https:\/\/juliettecharpentier.fr\/gertrudes\/la-princesse-gertrude-p867474\/\">\u00ab\u00a0<em>La princesse Gertrude\u00a0<\/em>\u00bb<\/a><br \/>\n<\/span><\/p>\n<p><a href=\"https:\/\/juliettecharpentier.fr\/gertrudes\/wp-content\/uploads\/2019\/04\/IMG_7705.jpg\"><img loading=\"lazy\" decoding=\"async\" class=\"aligncenter size-full wp-image-2746\" src=\"https:\/\/juliettecharpentier.fr\/gertrudes\/wp-content\/uploads\/2019\/04\/IMG_7705.jpg\" alt=\"\" width=\"2989\" height=\"2751\" srcset=\"https:\/\/juliettecharpentier.fr\/gertrudes\/wp-content\/uploads\/2019\/04\/IMG_7705.jpg 2989w, https:\/\/juliettecharpentier.fr\/gertrudes\/wp-content\/uploads\/2019\/04\/IMG_7705-300x276.jpg 300w, https:\/\/juliettecharpentier.fr\/gertrudes\/wp-content\/uploads\/2019\/04\/IMG_7705-768x707.jpg 768w, https:\/\/juliettecharpentier.fr\/gertrudes\/wp-content\/uploads\/2019\/04\/IMG_7705-1024x942.jpg 1024w, https:\/\/juliettecharpentier.fr\/gertrudes\/wp-content\/uploads\/2019\/04\/IMG_7705-1200x1104.jpg 1200w\" sizes=\"auto, (max-width: 709px) 85vw, (max-width: 909px) 67vw, (max-width: 1362px) 62vw, 840px\" \/><\/a><a href=\"https:\/\/juliettecharpentier.fr\/gertrudes\/wp-content\/uploads\/2019\/04\/IMG_7706.jpg\"><img loading=\"lazy\" decoding=\"async\" class=\"aligncenter size-full wp-image-2747\" src=\"https:\/\/juliettecharpentier.fr\/gertrudes\/wp-content\/uploads\/2019\/04\/IMG_7706.jpg\" alt=\"\" width=\"3024\" height=\"2834\" srcset=\"https:\/\/juliettecharpentier.fr\/gertrudes\/wp-content\/uploads\/2019\/04\/IMG_7706.jpg 3024w, https:\/\/juliettecharpentier.fr\/gertrudes\/wp-content\/uploads\/2019\/04\/IMG_7706-300x281.jpg 300w, https:\/\/juliettecharpentier.fr\/gertrudes\/wp-content\/uploads\/2019\/04\/IMG_7706-768x720.jpg 768w, https:\/\/juliettecharpentier.fr\/gertrudes\/wp-content\/uploads\/2019\/04\/IMG_7706-1024x960.jpg 1024w, https:\/\/juliettecharpentier.fr\/gertrudes\/wp-content\/uploads\/2019\/04\/IMG_7706-1200x1125.jpg 1200w\" sizes=\"auto, (max-width: 709px) 85vw, (max-width: 909px) 67vw, (max-width: 1362px) 62vw, 840px\" \/><\/a><\/p>\n","protected":false},"excerpt":{"rendered":"<p>&nbsp; Et si Gertrude \u00e9tait une machine \u00e0 remonter le temps\u00a0? \u00ab\u00a0\u2026 Arriv\u00e9e \u00e0 mon \u00e2ge, on se dit finalement qu\u2019on a plus de pass\u00e9 que de futur, bien plus \u00e0 raconter \u00e0 rebours qu\u2019en avant\u2026\u00a0\u00bb En attendant que la Capitaine Cr\u00e2neuse concr\u00e9tise un tel projet qu\u2019elle procrastine un peu bulle de temps en temps &hellip; <a href=\"https:\/\/juliettecharpentier.fr\/gertrudes\/gertrude-avant-gertrude-lexception-au-capitaine-n12\/\" class=\"more-link\">Continuer la lecture<span class=\"screen-reader-text\"> de &laquo;&nbsp;Gertrude avant Gertrude: L\u2019exception au Capitaine n\u00b012&nbsp;&raquo;<\/span><\/a><\/p>\n","protected":false},"author":1,"featured_media":0,"comment_status":"open","ping_status":"open","sticky":false,"template":"","format":"standard","meta":{"footnotes":""},"categories":[139,154,116,129,108,135,133],"tags":[],"class_list":["post-2744","post","type-post","status-publish","format-standard","hentry","category-chapeau-au-capitaine","category-happy-birthday","category-journal-de-bord-de-gertrude","category-l-histoire-de-gertrude","category-les-enigmes-de-gertrude","category-memoire-de-gertrude","category-sujet-gertrude"],"post_mailing_queue_ids":[],"_links":{"self":[{"href":"https:\/\/juliettecharpentier.fr\/gertrudes\/wp-json\/wp\/v2\/posts\/2744","targetHints":{"allow":["GET"]}}],"collection":[{"href":"https:\/\/juliettecharpentier.fr\/gertrudes\/wp-json\/wp\/v2\/posts"}],"about":[{"href":"https:\/\/juliettecharpentier.fr\/gertrudes\/wp-json\/wp\/v2\/types\/post"}],"author":[{"embeddable":true,"href":"https:\/\/juliettecharpentier.fr\/gertrudes\/wp-json\/wp\/v2\/users\/1"}],"replies":[{"embeddable":true,"href":"https:\/\/juliettecharpentier.fr\/gertrudes\/wp-json\/wp\/v2\/comments?post=2744"}],"version-history":[{"count":3,"href":"https:\/\/juliettecharpentier.fr\/gertrudes\/wp-json\/wp\/v2\/posts\/2744\/revisions"}],"predecessor-version":[{"id":2752,"href":"https:\/\/juliettecharpentier.fr\/gertrudes\/wp-json\/wp\/v2\/posts\/2744\/revisions\/2752"}],"wp:attachment":[{"href":"https:\/\/juliettecharpentier.fr\/gertrudes\/wp-json\/wp\/v2\/media?parent=2744"}],"wp:term":[{"taxonomy":"category","embeddable":true,"href":"https:\/\/juliettecharpentier.fr\/gertrudes\/wp-json\/wp\/v2\/categories?post=2744"},{"taxonomy":"post_tag","embeddable":true,"href":"https:\/\/juliettecharpentier.fr\/gertrudes\/wp-json\/wp\/v2\/tags?post=2744"}],"curies":[{"name":"wp","href":"https:\/\/api.w.org\/{rel}","templated":true}]}}