{"id":2800,"date":"2019-09-03T00:00:03","date_gmt":"2019-09-02T22:00:03","guid":{"rendered":"http:\/\/juliettecharpentier.fr\/gertrudes\/?p=2800"},"modified":"2019-09-03T18:31:29","modified_gmt":"2019-09-03T16:31:29","slug":"air-de-correze","status":"publish","type":"post","link":"https:\/\/juliettecharpentier.fr\/gertrudes\/air-de-correze\/","title":{"rendered":"Air de Corr\u00e8ze ou Deschamps du signe."},"content":{"rendered":"<p style=\"text-align: center;\"><span style=\"font-family: arial black, sans-serif; font-size: 18pt;\">Voici un an <\/span><br \/>\n<span style=\"font-family: arial black, sans-serif; font-size: 18pt;\">la Cr\u00e2neuse enfilait son marcel <\/span><br \/>\n<span style=\"font-family: arial black, sans-serif; font-size: 18pt;\">et troquait l\u2019<em>Air de Paris<\/em>* <\/span><br \/>\n<span style=\"font-family: arial black, sans-serif; font-size: 18pt;\">pour celui de C\u0153ur Aise <\/span><br \/>\n<span style=\"font-family: arial black, sans-serif; font-size: 18pt;\">au milieu Deschamps<br \/>\n<\/span><br \/>\n<span style=\"font-family: arial black, sans-serif; font-size: 18pt;\">Et encore une fois le hasard fait signe<\/span><\/p>\n<p>&nbsp;<\/p>\n<p style=\"text-align: right;\"><span style=\"font-size: 10pt;\"><strong><span style=\"font-family: arial, helvetica, sans-serif;\">* R\u00e9f\u00e9rence \u00e0 l\u2019\u0153uvre de Marcel Duchamp, <em>Air de Paris<\/em>, 1919<\/span><\/strong><\/span><\/p>\n<p style=\"text-align: center;\"><a href=\"https:\/\/juliettecharpentier.fr\/gertrudes\/wp-content\/uploads\/2019\/09\/P8310427.jpg\"><img loading=\"lazy\" decoding=\"async\" class=\"aligncenter wp-image-2801 size-full\" src=\"https:\/\/juliettecharpentier.fr\/gertrudes\/wp-content\/uploads\/2019\/09\/P8310427.jpg\" alt=\"\" width=\"3041\" height=\"3626\" srcset=\"https:\/\/juliettecharpentier.fr\/gertrudes\/wp-content\/uploads\/2019\/09\/P8310427.jpg 3041w, https:\/\/juliettecharpentier.fr\/gertrudes\/wp-content\/uploads\/2019\/09\/P8310427-252x300.jpg 252w, https:\/\/juliettecharpentier.fr\/gertrudes\/wp-content\/uploads\/2019\/09\/P8310427-768x916.jpg 768w, https:\/\/juliettecharpentier.fr\/gertrudes\/wp-content\/uploads\/2019\/09\/P8310427-859x1024.jpg 859w, https:\/\/juliettecharpentier.fr\/gertrudes\/wp-content\/uploads\/2019\/09\/P8310427-1200x1431.jpg 1200w\" sizes=\"auto, (max-width: 709px) 85vw, (max-width: 909px) 67vw, (max-width: 1362px) 62vw, 840px\" \/><\/a><span style=\"font-family: arial black, sans-serif; font-size: 18pt;\">Et n\u2019oubliez pas <\/span><br \/>\n<span style=\"font-family: arial black, sans-serif; font-size: 18pt;\">\u00a0que Gertrude<\/span><br \/>\n<span style=\"font-family: arial black, sans-serif; font-size: 18pt;\">perfuse en ces lieux <\/span><br \/>\n<span style=\"font-family: arial black, sans-serif; font-size: 18pt;\">un peu de vanit\u00e9 virtuelle<\/span><br \/>\n<span style=\"font-family: arial black, sans-serif; font-size: 18pt;\">depuis onze ans et huit mois <\/span><\/p>\n<p><a href=\"https:\/\/juliettecharpentier.fr\/gertrudes\/wp-content\/uploads\/2019\/09\/P8310441.jpg\"><img loading=\"lazy\" decoding=\"async\" class=\"size-large wp-image-2802\" src=\"https:\/\/juliettecharpentier.fr\/gertrudes\/wp-content\/uploads\/2019\/09\/P8310441-859x1024.jpg\" alt=\"\" width=\"840\" height=\"1001\" srcset=\"https:\/\/juliettecharpentier.fr\/gertrudes\/wp-content\/uploads\/2019\/09\/P8310441-859x1024.jpg 859w, https:\/\/juliettecharpentier.fr\/gertrudes\/wp-content\/uploads\/2019\/09\/P8310441-252x300.jpg 252w, https:\/\/juliettecharpentier.fr\/gertrudes\/wp-content\/uploads\/2019\/09\/P8310441-768x915.jpg 768w, https:\/\/juliettecharpentier.fr\/gertrudes\/wp-content\/uploads\/2019\/09\/P8310441-1200x1430.jpg 1200w\" sizes=\"auto, (max-width: 709px) 85vw, (max-width: 909px) 67vw, (max-width: 1362px) 62vw, 840px\" \/><\/a><\/p>\n<p style=\"text-align: right;\"><span style=\"font-size: 8pt;\"><strong><span style=\"font-family: times new roman, times, serif;\">JC, aout 2019, <em>Air de Corr\u00e8ze (dans son ampoule de vert) in Gertrude comme Marcel, parce que Duchamp est inimitable<\/em>, ampoule de s\u00e9rum physiologique en verre de 125cc trouv\u00e9e au fond du petit moulin Deschamps, futur atelier de la Cr\u00e2neuse, \u00e9tiquette d\u2019origine et petite photographie num\u00e9rique de la t\u00eate de Gertrude,<br \/>\n4 x 22cm.<\/span><\/strong><\/span><\/p>\n","protected":false},"excerpt":{"rendered":"<p>Voici un an la Cr\u00e2neuse enfilait son marcel et troquait l\u2019Air de Paris* pour celui de C\u0153ur Aise au milieu Deschamps Et encore une fois le hasard fait signe &nbsp; * R\u00e9f\u00e9rence \u00e0 l\u2019\u0153uvre de Marcel Duchamp, Air de Paris, 1919 Et n\u2019oubliez pas \u00a0que Gertrude perfuse en ces lieux un peu de vanit\u00e9 virtuelle &hellip; <a href=\"https:\/\/juliettecharpentier.fr\/gertrudes\/air-de-correze\/\" class=\"more-link\">Continuer la lecture<span class=\"screen-reader-text\"> de &laquo;&nbsp;Air de Corr\u00e8ze ou Deschamps du signe.&nbsp;&raquo;<\/span><\/a><\/p>\n","protected":false},"author":1,"featured_media":0,"comment_status":"open","ping_status":"open","sticky":false,"template":"","format":"standard","meta":{"footnotes":""},"categories":[188,192,148,108,121],"tags":[],"class_list":["post-2800","post","type-post","status-publish","format-standard","hentry","category-exception-coloree","category-hommage","category-l-avant-garde-de-gertrude","category-les-enigmes-de-gertrude","category-les-miracles-de-gertrude"],"post_mailing_queue_ids":[],"_links":{"self":[{"href":"https:\/\/juliettecharpentier.fr\/gertrudes\/wp-json\/wp\/v2\/posts\/2800","targetHints":{"allow":["GET"]}}],"collection":[{"href":"https:\/\/juliettecharpentier.fr\/gertrudes\/wp-json\/wp\/v2\/posts"}],"about":[{"href":"https:\/\/juliettecharpentier.fr\/gertrudes\/wp-json\/wp\/v2\/types\/post"}],"author":[{"embeddable":true,"href":"https:\/\/juliettecharpentier.fr\/gertrudes\/wp-json\/wp\/v2\/users\/1"}],"replies":[{"embeddable":true,"href":"https:\/\/juliettecharpentier.fr\/gertrudes\/wp-json\/wp\/v2\/comments?post=2800"}],"version-history":[{"count":7,"href":"https:\/\/juliettecharpentier.fr\/gertrudes\/wp-json\/wp\/v2\/posts\/2800\/revisions"}],"predecessor-version":[{"id":2813,"href":"https:\/\/juliettecharpentier.fr\/gertrudes\/wp-json\/wp\/v2\/posts\/2800\/revisions\/2813"}],"wp:attachment":[{"href":"https:\/\/juliettecharpentier.fr\/gertrudes\/wp-json\/wp\/v2\/media?parent=2800"}],"wp:term":[{"taxonomy":"category","embeddable":true,"href":"https:\/\/juliettecharpentier.fr\/gertrudes\/wp-json\/wp\/v2\/categories?post=2800"},{"taxonomy":"post_tag","embeddable":true,"href":"https:\/\/juliettecharpentier.fr\/gertrudes\/wp-json\/wp\/v2\/tags?post=2800"}],"curies":[{"name":"wp","href":"https:\/\/api.w.org\/{rel}","templated":true}]}}