{"id":289,"date":"2013-06-21T09:58:02","date_gmt":"2013-06-21T07:58:02","guid":{"rendered":"http:\/\/juliettecharpentier.fr\/gertrudes\/2013\/06\/21\/moi-d-etait-a108953414\/"},"modified":"2013-06-21T09:58:02","modified_gmt":"2013-06-21T07:58:02","slug":"moi-d-etait-a108953414","status":"publish","type":"post","link":"https:\/\/juliettecharpentier.fr\/gertrudes\/moi-d-etait-a108953414\/","title":{"rendered":"Moi d&rsquo;\u00c9tait."},"content":{"rendered":"<p style=\"text-align: center;\">     &nbsp;   <\/p>\n<p style=\"text-align: center;\">     &nbsp;   <\/p>\n<p style=\"text-align: center;\">     &nbsp;   <\/p>\n<p>     &nbsp;   <\/p>\n<div class=\"aboveUnitContent\">\n<div class=\"userContentWrapper\">\n<div class=\"-cx-PRIVATE-fbTimelineText__featured\" style=\"text-align: center;\">         <span class=\"userContent\"><span style=\"font-family: arial black,avant garde; font-size: 18pt;\">C&rsquo;est parti pour le Moi d&rsquo;\u00c9tait de Gertrude!<\/span><\/p>\n<p>         <span style=\"font-family: arial black,avant garde; font-size: 18pt;\">Encore un petit mois de Ch\u00e8re \u00e0 nu au Pays des couteaux et la Cr\u00e2neuse d\u00e9croche*.<\/span><br \/>         <span style=\"font-family: arial black,avant garde; font-size: 18pt;\">Ici on ne fait pas dans les prolongations mais dans le raccourcissement.<\/span><\/span>       <\/div>\n<div class=\"-cx-PRIVATE-fbTimelineText__featured\" style=\"text-align: left;\">         <span class=\"userContent\"><span style=\"font-family: arial black,avant garde; font-size: 18pt;\">&nbsp;<\/span><\/p>\n<p>         <span style=\"font-family: arial black,avant garde; font-size: 12pt;\">* Pour des raisons purement techniques de planifications navigatrices.<\/span><\/span>       <\/div>\n<div class=\"-cx-PRIVATE-fbTimelineText__featured\" style=\"text-align: left;\">         <span class=\"userContent\"><span style=\"font-family: arial black,avant garde; font-size: 12pt;\">Et pour visiter l&rsquo;expo, n&rsquo;oubliez pas de prendre rendez-vous aupr\u00e8s du sieur Armengol         sur:<\/span><\/span>       <\/div>\n<div class=\"-cx-PRIVATE-fbTimelineText__featured\" style=\"text-align: center;\">         <span class=\"userContent\"><span style=\"font-family: arial black,avant garde; font-size: 12pt;\">&nbsp;<\/span><br \/>         <span style=\"font-family: arial black,avant garde; font-size: 18pt;\"><a rel=\"nofollow nofollow\" href=\"http:\/\/lantitete.overblog.com\/\" target=\"_blank\">http:\/\/lantitete.overblog.com\/<\/a><\/span><\/span>       <\/div>\n<div class=\"-cx-PRIVATE-fbTimelineText__featured\" style=\"text-align: center;\">         <span class=\"userContent\"><span style=\"font-family: arial black,avant garde; font-size: 18pt;\"><br \/><\/span><\/span>       <\/div>\n<\/p><\/div>\n<\/p><\/div>\n<div class=\"photoUnit clearfix\">\n<div class=\"-cx-PUBLIC-fbInlineActions__container uiScaledThumb photo photoWidth1\">       <a class=\"-cx-PUBLIC-fbInlineActions__photolink\" rel=\"theater\" href=\"https:\/\/www.facebook.com\/photo.php?fbid=130155557193351&amp;set=a.107247456150828.1073741830.100005967218799&amp;type=1&amp;relevant_count=1\"><\/a>       <\/p>\n<div class=\"uiScaledImageContainer photoWrap\">         <img decoding=\"async\" style=\"margin:3px auto; display:block; clear:both;\" src=\"https:\/\/fbcdn-sphotos-b-a.akamaihd.net\/hphotos-ak-ash3\/p480x480\/1011334_130155557193351_1860883560_n.jpg\">       <\/img><\/div>\n<\/p><\/div>\n<\/p><\/div>\n","protected":false},"excerpt":{"rendered":"<p>&nbsp; &nbsp; &nbsp; &nbsp; C&rsquo;est parti pour le Moi d&rsquo;\u00c9tait de Gertrude! Encore un petit mois de Ch\u00e8re \u00e0 nu au Pays des couteaux et la Cr\u00e2neuse d\u00e9croche*. Ici on ne fait pas dans les prolongations mais dans le raccourcissement. &nbsp; * Pour des raisons purement techniques de planifications navigatrices. Et pour visiter l&rsquo;expo, n&rsquo;oubliez &hellip; <a href=\"https:\/\/juliettecharpentier.fr\/gertrudes\/moi-d-etait-a108953414\/\" class=\"more-link\">Continuer la lecture<span class=\"screen-reader-text\"> de &laquo;&nbsp;Moi d&rsquo;\u00c9tait.&nbsp;&raquo;<\/span><\/a><\/p>\n","protected":false},"author":1,"featured_media":0,"comment_status":"open","ping_status":"open","sticky":false,"template":"","format":"standard","meta":{"footnotes":""},"categories":[106],"tags":[],"class_list":["post-289","post","type-post","status-publish","format-standard","hentry","category-la-meteo-de-gertrude"],"post_mailing_queue_ids":[],"_links":{"self":[{"href":"https:\/\/juliettecharpentier.fr\/gertrudes\/wp-json\/wp\/v2\/posts\/289","targetHints":{"allow":["GET"]}}],"collection":[{"href":"https:\/\/juliettecharpentier.fr\/gertrudes\/wp-json\/wp\/v2\/posts"}],"about":[{"href":"https:\/\/juliettecharpentier.fr\/gertrudes\/wp-json\/wp\/v2\/types\/post"}],"author":[{"embeddable":true,"href":"https:\/\/juliettecharpentier.fr\/gertrudes\/wp-json\/wp\/v2\/users\/1"}],"replies":[{"embeddable":true,"href":"https:\/\/juliettecharpentier.fr\/gertrudes\/wp-json\/wp\/v2\/comments?post=289"}],"version-history":[{"count":0,"href":"https:\/\/juliettecharpentier.fr\/gertrudes\/wp-json\/wp\/v2\/posts\/289\/revisions"}],"wp:attachment":[{"href":"https:\/\/juliettecharpentier.fr\/gertrudes\/wp-json\/wp\/v2\/media?parent=289"}],"wp:term":[{"taxonomy":"category","embeddable":true,"href":"https:\/\/juliettecharpentier.fr\/gertrudes\/wp-json\/wp\/v2\/categories?post=289"},{"taxonomy":"post_tag","embeddable":true,"href":"https:\/\/juliettecharpentier.fr\/gertrudes\/wp-json\/wp\/v2\/tags?post=289"}],"curies":[{"name":"wp","href":"https:\/\/api.w.org\/{rel}","templated":true}]}}