{"id":3001,"date":"2020-12-03T00:00:24","date_gmt":"2020-12-02T23:00:24","guid":{"rendered":"http:\/\/juliettecharpentier.fr\/gertrudes\/?p=3001"},"modified":"2020-12-02T23:47:23","modified_gmt":"2020-12-02T22:47:23","slug":"les-contre-vanites-de-gertrude","status":"publish","type":"post","link":"https:\/\/juliettecharpentier.fr\/gertrudes\/les-contre-vanites-de-gertrude\/","title":{"rendered":"Les contre-vanit\u00e9s de Gertrude."},"content":{"rendered":"<p><span style=\"font-family: arial black, sans-serif;font-size: 18pt\">Gertrude serait-elle une contre-vanit\u00e9\u00a0?<\/span><br \/>\n<span style=\"font-family: arial black, sans-serif;font-size: 18pt\">Avec sa t\u00eate en os et ses faux airs de t\u00eate de mort, est-elle la mieux plac\u00e9e pour nous alerter sur les futilit\u00e9s de ce bas-monde face au n\u00e9ant ?<\/span><br \/>\n<span style=\"font-family: arial black, sans-serif;font-size: 18pt\">Ce reste humain, initialement destin\u00e9 \u00e0 la Science, instrumentalis\u00e9 dans une d\u00e9marche pseudo artistique, ne serait-il pas un simulacre de \u00ab\u00a0<em>memento mori\u00a0<\/em>\u00bb un \u00ab\u00a0<em>souviens-toi\u00a0<\/em>\u00bb de \u00ab\u00a0<em>\u00e7a \u00e9t\u00e9\u00a0<\/em>\u00bb plut\u00f4t que de \u00ab\u00a0<em>ce qui sera\u00a0<\/em>\u00bb, une esquisse grossi\u00e8re de figuration de la mort\u00a0dans le refus obstin\u00e9 de correspondre au st\u00e9r\u00e9otype du cr\u00e2ne?<\/span><br \/>\n<span style=\"font-family: arial black, sans-serif;font-size: 18pt\">L\u2019os, quel qu\u2019il soit, est un constat fig\u00e9, un arr\u00eat sur image dans le processus de d\u00e9composition du corps, une \u00e9tape apr\u00e8s la chair, apr\u00e8s la peau, apr\u00e8s tout ce qui donne physionomie, apr\u00e8s tout ce qui d\u00e9gouline. Contempler son immobilit\u00e9, sa min\u00e9ralit\u00e9, sa face aveugle et sans histoire, revient \u00e0 se dispenser de toute digression sur le v\u00e9ritable travail de la mort, \u00e0 s\u2019aveugler sur la d\u00e9faite en marche de l\u2019\u00eatre.<\/span><\/p>\n<p><span style=\"font-family: arial black, sans-serif;font-size: 18pt\">La vanit\u00e9 est ailleurs\u00a0:<br \/>\nElle est peut-\u00eatre dans l&rsquo;acte de peindre&#8230;<br \/>\nElle est peut-\u00eatre dans ce texte&#8230;<br \/>\n<\/span><span style=\"font-family: arial black, sans-serif;font-size: 18pt\">Elle est peut-\u00eatre dans cette photographie&#8230;<br \/>\n<\/span><\/p>\n<p style=\"text-align: right\"><a href=\"https:\/\/juliettecharpentier.fr\/gertrudes\/wp-content\/uploads\/2020\/12\/PC020176.jpg\"><img loading=\"lazy\" decoding=\"async\" class=\"aligncenter size-full wp-image-3002\" src=\"https:\/\/juliettecharpentier.fr\/gertrudes\/wp-content\/uploads\/2020\/12\/PC020176.jpg\" alt=\"\" width=\"4608\" height=\"3456\" srcset=\"https:\/\/juliettecharpentier.fr\/gertrudes\/wp-content\/uploads\/2020\/12\/PC020176.jpg 4608w, https:\/\/juliettecharpentier.fr\/gertrudes\/wp-content\/uploads\/2020\/12\/PC020176-300x225.jpg 300w, https:\/\/juliettecharpentier.fr\/gertrudes\/wp-content\/uploads\/2020\/12\/PC020176-768x576.jpg 768w, https:\/\/juliettecharpentier.fr\/gertrudes\/wp-content\/uploads\/2020\/12\/PC020176-1024x768.jpg 1024w, https:\/\/juliettecharpentier.fr\/gertrudes\/wp-content\/uploads\/2020\/12\/PC020176-1200x900.jpg 1200w\" sizes=\"auto, (max-width: 709px) 85vw, (max-width: 909px) 67vw, (max-width: 1362px) 62vw, 840px\" \/><\/a><span style=\"font-family: times new roman, times, serif;font-size: 8pt\"><strong>Photographie num\u00e9rique montrant l\u2019atelier de JC.<\/strong><\/span><\/p>\n<p><span style=\"font-family: arial black, sans-serif;font-size: 18pt\">Cela fait exactement douze ans et onze mois que Gertrude se la joue mortelle sur Internet.<\/span><\/p>\n<p><a href=\"https:\/\/juliettecharpentier.fr\/gertrudes\/wp-content\/uploads\/2020\/12\/IMG_1666.jpg\"><img loading=\"lazy\" decoding=\"async\" class=\"aligncenter size-medium wp-image-3006\" src=\"https:\/\/juliettecharpentier.fr\/gertrudes\/wp-content\/uploads\/2020\/12\/IMG_1666-300x235.jpg\" alt=\"\" width=\"300\" height=\"235\" srcset=\"https:\/\/juliettecharpentier.fr\/gertrudes\/wp-content\/uploads\/2020\/12\/IMG_1666-300x235.jpg 300w, https:\/\/juliettecharpentier.fr\/gertrudes\/wp-content\/uploads\/2020\/12\/IMG_1666-768x601.jpg 768w, https:\/\/juliettecharpentier.fr\/gertrudes\/wp-content\/uploads\/2020\/12\/IMG_1666-1024x802.jpg 1024w, https:\/\/juliettecharpentier.fr\/gertrudes\/wp-content\/uploads\/2020\/12\/IMG_1666-1200x939.jpg 1200w\" sizes=\"auto, (max-width: 300px) 85vw, 300px\" \/><\/a><\/p>\n","protected":false},"excerpt":{"rendered":"<p>Gertrude serait-elle une contre-vanit\u00e9\u00a0? Avec sa t\u00eate en os et ses faux airs de t\u00eate de mort, est-elle la mieux plac\u00e9e pour nous alerter sur les futilit\u00e9s de ce bas-monde face au n\u00e9ant ? Ce reste humain, initialement destin\u00e9 \u00e0 la Science, instrumentalis\u00e9 dans une d\u00e9marche pseudo artistique, ne serait-il pas un simulacre de \u00ab\u00a0memento &hellip; <a href=\"https:\/\/juliettecharpentier.fr\/gertrudes\/les-contre-vanites-de-gertrude\/\" class=\"more-link\">Continuer la lecture<span class=\"screen-reader-text\"> de &laquo;&nbsp;Les contre-vanit\u00e9s de Gertrude.&nbsp;&raquo;<\/span><\/a><\/p>\n","protected":false},"author":3,"featured_media":0,"comment_status":"open","ping_status":"open","sticky":false,"template":"","format":"standard","meta":{"footnotes":""},"categories":[187,197,104,181,144,186],"tags":[],"class_list":["post-3001","post","type-post","status-publish","format-standard","hentry","category-camera-obscura","category-chrono-noir","category-l-anatomie-de-gertrude","category-le-noir-lui-va-si-bien","category-les-dessous-de-gertrude","category-ombres"],"post_mailing_queue_ids":[],"_links":{"self":[{"href":"https:\/\/juliettecharpentier.fr\/gertrudes\/wp-json\/wp\/v2\/posts\/3001","targetHints":{"allow":["GET"]}}],"collection":[{"href":"https:\/\/juliettecharpentier.fr\/gertrudes\/wp-json\/wp\/v2\/posts"}],"about":[{"href":"https:\/\/juliettecharpentier.fr\/gertrudes\/wp-json\/wp\/v2\/types\/post"}],"author":[{"embeddable":true,"href":"https:\/\/juliettecharpentier.fr\/gertrudes\/wp-json\/wp\/v2\/users\/3"}],"replies":[{"embeddable":true,"href":"https:\/\/juliettecharpentier.fr\/gertrudes\/wp-json\/wp\/v2\/comments?post=3001"}],"version-history":[{"count":7,"href":"https:\/\/juliettecharpentier.fr\/gertrudes\/wp-json\/wp\/v2\/posts\/3001\/revisions"}],"predecessor-version":[{"id":3005,"href":"https:\/\/juliettecharpentier.fr\/gertrudes\/wp-json\/wp\/v2\/posts\/3001\/revisions\/3005"}],"wp:attachment":[{"href":"https:\/\/juliettecharpentier.fr\/gertrudes\/wp-json\/wp\/v2\/media?parent=3001"}],"wp:term":[{"taxonomy":"category","embeddable":true,"href":"https:\/\/juliettecharpentier.fr\/gertrudes\/wp-json\/wp\/v2\/categories?post=3001"},{"taxonomy":"post_tag","embeddable":true,"href":"https:\/\/juliettecharpentier.fr\/gertrudes\/wp-json\/wp\/v2\/tags?post=3001"}],"curies":[{"name":"wp","href":"https:\/\/api.w.org\/{rel}","templated":true}]}}