{"id":316,"date":"2013-10-03T00:02:02","date_gmt":"2013-10-02T22:02:02","guid":{"rendered":"http:\/\/juliettecharpentier.fr\/gertrudes\/2013\/10\/03\/os-a108953708\/"},"modified":"2013-10-03T00:02:02","modified_gmt":"2013-10-02T22:02:02","slug":"os-a108953708","status":"publish","type":"post","link":"https:\/\/juliettecharpentier.fr\/gertrudes\/os-a108953708\/","title":{"rendered":"Os"},"content":{"rendered":"<p>     &nbsp;   <\/p>\n<p>     &nbsp;   <\/p>\n<p style=\"text-align: center;\">     <span style=\"font-family: arial black,avant garde; font-size: 24pt;\">Cinq ans et neuf mois d&rsquo;Internet<\/span>   <\/p>\n<p style=\"text-align: center;\">     <span style=\"font-family: arial black,avant garde; font-size: 24pt;\">Pourtant<\/span>   <\/p>\n<p style=\"text-align: center;\">     <span style=\"font-family: arial black,avant garde; font-size: 24pt;\">Gertrude n&rsquo;est rien<\/span>   <\/p>\n<p style=\"text-align: center;\">     <span style=\"font-family: arial black,avant garde; font-size: 24pt;\">que la vague impression<\/span>   <\/p>\n<p style=\"text-align: center;\">     <span style=\"font-family: arial black,avant garde; font-size: 24pt;\">d&rsquo;un os<\/span>   <\/p>\n<p style=\"text-align: center;\">     <span style=\"font-family: arial black,avant garde; font-size: 24pt;\">sur une peau virtuelle<\/span>   <\/p>\n<p style=\"text-align: center;\">     <span style=\"font-family: arial black,avant garde; font-size: 24pt;\"><br \/><\/span>   <\/p>\n<p>     &nbsp;   <\/p>\n<p>     <img loading=\"lazy\" decoding=\"async\" src=\"https:\/\/juliettecharpentier.fr\/gertrudes\/wp-content\/uploads\/2016\/04\/gfxchlBvSAKGkzfRb8v9g6ULcJk.jpg\" style=\"margin:3px auto; display:block; clear:both;\" alt=\"photos-gertrude-6592.JPG\" height=\"270\" width=\"600\">   <\/img><\/p>\n<p style=\"text-align: right;\">     <strong><span style=\"font-family: times new roman,times; font-size: 8pt;\">JC, <em>Nuancier, 2\u00e8me s\u00e9rie<\/em> (s\u00e9rie \u00e9volutive),<\/span><\/strong>   <\/p>\n<p style=\"text-align: right;\">     <strong><span style=\"font-family: times new roman,times; font-size: 8pt;\">empreinte sur \u00e9chantillons cuir de r\u00e9cup\u00e9ration,<\/span><\/strong>   <\/p>\n<p style=\"text-align: right;\">     <strong><span style=\"font-family: times new roman,times; font-size: 8pt;\">chaque \u00e9l\u00e9ment: 5,5 x 6 cm<\/span><\/strong>   <\/p>\n<p>     &nbsp;   <\/p>\n<p style=\"text-align: center;\">     <span style=\"font-family: arial black,avant garde; font-size: 18pt;\">Os chez Gertude<\/span>   <\/p>\n<p style=\"text-align: center;\">     <span style=\"font-family: arial black,avant garde; font-size: 18pt;\">Bois chez <a href=\"http:\/\/gertruderosecelavi.over-blog.com\/\">Gertrude Rose<\/a><\/span>   <\/p>\n<p style=\"text-align: center;\">     <span style=\"font-family: arial black,avant garde; font-size: 18pt;\">Charbon chez <a href=\"https:\/\/juliettecharpentier.fr\/gertrudes\/\">Gertrude Noire<\/a><\/span>   <\/p>\n<p style=\"text-align: center;\">     &nbsp;   <\/p>\n<p style=\"text-align: center;\">     &nbsp;   <\/p>\n<p style=\"text-align: center;\">     &nbsp;   <\/p>\n","protected":false},"excerpt":{"rendered":"<p>&nbsp; &nbsp; Cinq ans et neuf mois d&rsquo;Internet Pourtant Gertrude n&rsquo;est rien que la vague impression d&rsquo;un os sur une peau virtuelle &nbsp; JC, Nuancier, 2\u00e8me s\u00e9rie (s\u00e9rie \u00e9volutive), empreinte sur \u00e9chantillons cuir de r\u00e9cup\u00e9ration, chaque \u00e9l\u00e9ment: 5,5 x 6 cm &nbsp; Os chez Gertude Bois chez Gertrude Rose Charbon chez Gertrude Noire &nbsp; &nbsp; &hellip; <a href=\"https:\/\/juliettecharpentier.fr\/gertrudes\/os-a108953708\/\" class=\"more-link\">Continuer la lecture<span class=\"screen-reader-text\"> de &laquo;&nbsp;Os&nbsp;&raquo;<\/span><\/a><\/p>\n","protected":false},"author":1,"featured_media":0,"comment_status":"open","ping_status":"open","sticky":false,"template":"","format":"standard","meta":{"footnotes":""},"categories":[135],"tags":[],"class_list":["post-316","post","type-post","status-publish","format-standard","hentry","category-memoire-de-gertrude"],"post_mailing_queue_ids":[],"_links":{"self":[{"href":"https:\/\/juliettecharpentier.fr\/gertrudes\/wp-json\/wp\/v2\/posts\/316","targetHints":{"allow":["GET"]}}],"collection":[{"href":"https:\/\/juliettecharpentier.fr\/gertrudes\/wp-json\/wp\/v2\/posts"}],"about":[{"href":"https:\/\/juliettecharpentier.fr\/gertrudes\/wp-json\/wp\/v2\/types\/post"}],"author":[{"embeddable":true,"href":"https:\/\/juliettecharpentier.fr\/gertrudes\/wp-json\/wp\/v2\/users\/1"}],"replies":[{"embeddable":true,"href":"https:\/\/juliettecharpentier.fr\/gertrudes\/wp-json\/wp\/v2\/comments?post=316"}],"version-history":[{"count":0,"href":"https:\/\/juliettecharpentier.fr\/gertrudes\/wp-json\/wp\/v2\/posts\/316\/revisions"}],"wp:attachment":[{"href":"https:\/\/juliettecharpentier.fr\/gertrudes\/wp-json\/wp\/v2\/media?parent=316"}],"wp:term":[{"taxonomy":"category","embeddable":true,"href":"https:\/\/juliettecharpentier.fr\/gertrudes\/wp-json\/wp\/v2\/categories?post=316"},{"taxonomy":"post_tag","embeddable":true,"href":"https:\/\/juliettecharpentier.fr\/gertrudes\/wp-json\/wp\/v2\/tags?post=316"}],"curies":[{"name":"wp","href":"https:\/\/api.w.org\/{rel}","templated":true}]}}