{"id":3197,"date":"2021-11-03T00:00:00","date_gmt":"2021-11-02T23:00:00","guid":{"rendered":"https:\/\/juliettecharpentier.fr\/gertrudes\/?p=3197"},"modified":"2021-11-02T10:29:40","modified_gmt":"2021-11-02T09:29:40","slug":"os-brouille","status":"publish","type":"post","link":"https:\/\/juliettecharpentier.fr\/gertrudes\/os-brouille\/","title":{"rendered":"Os brouill\u00e9."},"content":{"rendered":"\n<p>\u00a0<\/p>\n<p><strong><span style=\"font-family: times new roman, times, serif; font-size: 18pt;\"><em>\u00ab\u00a0Approchez-vous, tout se brouille, s\u2019aplatit et dispara\u00eet\u00a0; \u00e9loignez-vous, tout se recr\u00e9e et se reproduit.\u00a0\u00bb<\/em> \u00e9crivait Denis Diderot \u00e0 propos des natures mortes, particuli\u00e8rement de <em>La Raie d\u00e9pouill\u00e9e<\/em>, du grand Jean Sim\u00e9on Chardin lors du Salon de 1763.<\/span><\/strong><\/p>\n<p style=\"text-align: center;\"><span style=\"font-family: arial black, sans-serif; font-size: 18pt;\">La Cr\u00e2neuse <br \/>elle <br \/>loin d\u2019\u00eatre Sim\u00e9on <br \/>a beau s\u2019\u00e9loigner de Gertrude <br \/>constate que l\u2019os reste brouill\u00e9 <br \/>et dans son aveuglement <br \/>ne peut qu\u2019objectiver subjectivement <br \/>un cr\u00e2ne qui ne sera toujours <br \/>qu\u2019une nature morte <br \/>aux lignes mouvantes <br \/>mais non vivantes<\/span><\/p>\n<div style=\"width: 720px;\" class=\"wp-video\"><!--[if lt IE 9]><script>document.createElement('video');<\/script><![endif]-->\n<video class=\"wp-video-shortcode\" id=\"video-3197-1\" width=\"720\" height=\"540\" preload=\"metadata\" controls=\"controls\"><source type=\"video\/mp4\" src=\"https:\/\/juliettecharpentier.fr\/gertrudes\/wp-content\/uploads\/2021\/11\/lignes-de-Gertrude.m4v?_=1\" \/><a href=\"https:\/\/juliettecharpentier.fr\/gertrudes\/wp-content\/uploads\/2021\/11\/lignes-de-Gertrude.m4v\">https:\/\/juliettecharpentier.fr\/gertrudes\/wp-content\/uploads\/2021\/11\/lignes-de-Gertrude.m4v<\/a><\/video><\/div>\n<p style=\"text-align: right;\"><strong><span style=\"font-family: times new roman, times, serif; font-size: 8pt;\">JC, avril 2015, <\/span><\/strong><strong><span style=\"font-family: times new roman, times, serif; font-size: 8pt;\"><em>R\u00e9alit\u00e9 augment\u00e9e de Gertrude<\/em><\/span><span style=\"font-family: times new roman, times, serif; font-size: 8pt;\">, <br \/>vid\u00e9o d\u2019animation \u00e0 partir de lignes trac\u00e9es \u00e0 l\u2019aide d\u2019un stylo 3D initialement publi\u00e9e dans ce blog le 3 mai 2015.<\/span><\/strong><\/p>\n<p style=\"text-align: right;\"><strong><br \/><span style=\"font-family: times new roman, times, serif;\"><a href=\"https:\/\/juliettecharpentier.fr\/gertrudes\/wp-content\/uploads\/2021\/11\/PB010068-scaled.jpg\"><img loading=\"lazy\" decoding=\"async\" class=\"aligncenter size-full wp-image-3199\" src=\"https:\/\/juliettecharpentier.fr\/gertrudes\/wp-content\/uploads\/2021\/11\/PB010068-scaled.jpg\" alt=\"\" width=\"2560\" height=\"1920\" srcset=\"https:\/\/juliettecharpentier.fr\/gertrudes\/wp-content\/uploads\/2021\/11\/PB010068-scaled.jpg 2560w, https:\/\/juliettecharpentier.fr\/gertrudes\/wp-content\/uploads\/2021\/11\/PB010068-300x225.jpg 300w, https:\/\/juliettecharpentier.fr\/gertrudes\/wp-content\/uploads\/2021\/11\/PB010068-1024x768.jpg 1024w, https:\/\/juliettecharpentier.fr\/gertrudes\/wp-content\/uploads\/2021\/11\/PB010068-768x576.jpg 768w, https:\/\/juliettecharpentier.fr\/gertrudes\/wp-content\/uploads\/2021\/11\/PB010068-1536x1152.jpg 1536w, https:\/\/juliettecharpentier.fr\/gertrudes\/wp-content\/uploads\/2021\/11\/PB010068-2048x1536.jpg 2048w, https:\/\/juliettecharpentier.fr\/gertrudes\/wp-content\/uploads\/2021\/11\/PB010068-1200x900.jpg 1200w\" sizes=\"auto, (max-width: 709px) 85vw, (max-width: 909px) 67vw, (max-width: 1362px) 62vw, 840px\" \/><\/a><\/span><span style=\"font-family: times new roman, times, serif; font-size: 8pt;\">JC, octobre 2021, petites natures mortes d\u2019atelier, peinture \u00e0 l\u2019huile sur papier de r\u00e9cup\u00e9ration, chaque \u00e9l\u00e9ment environ 16 x 21 cm.<\/span><\/strong><\/p>\n<p style=\"text-align: center;\"><span style=\"font-family: arial black, sans-serif; font-size: 18pt;\">Mais il semblerait <br \/>que malgr\u00e9 sa nature bien morte <br \/>Gertrude cherche ses limites <br \/>depuis maintenant treize ans et dix mois <br \/>c\u2019est dans l\u2019os des choses<\/span><br \/><br \/><\/p>\n<p style=\"text-align: center;\"><a href=\"https:\/\/juliettecharpentier.fr\/gertrudes\/wp-content\/uploads\/2021\/11\/PB010078-scaled.jpg\"><img loading=\"lazy\" decoding=\"async\" class=\"aligncenter size-medium wp-image-3200\" src=\"https:\/\/juliettecharpentier.fr\/gertrudes\/wp-content\/uploads\/2021\/11\/PB010078-300x229.jpg\" alt=\"\" width=\"300\" height=\"229\" srcset=\"https:\/\/juliettecharpentier.fr\/gertrudes\/wp-content\/uploads\/2021\/11\/PB010078-300x229.jpg 300w, https:\/\/juliettecharpentier.fr\/gertrudes\/wp-content\/uploads\/2021\/11\/PB010078-1024x782.jpg 1024w, https:\/\/juliettecharpentier.fr\/gertrudes\/wp-content\/uploads\/2021\/11\/PB010078-768x587.jpg 768w, https:\/\/juliettecharpentier.fr\/gertrudes\/wp-content\/uploads\/2021\/11\/PB010078-1536x1173.jpg 1536w, https:\/\/juliettecharpentier.fr\/gertrudes\/wp-content\/uploads\/2021\/11\/PB010078-2048x1564.jpg 2048w, https:\/\/juliettecharpentier.fr\/gertrudes\/wp-content\/uploads\/2021\/11\/PB010078-1200x916.jpg 1200w\" sizes=\"auto, (max-width: 300px) 85vw, 300px\" \/><\/a><\/p>\n","protected":false},"excerpt":{"rendered":"<p>\u00a0 \u00ab\u00a0Approchez-vous, tout se brouille, s\u2019aplatit et dispara\u00eet\u00a0; \u00e9loignez-vous, tout se recr\u00e9e et se reproduit.\u00a0\u00bb \u00e9crivait Denis Diderot \u00e0 propos des natures mortes, particuli\u00e8rement de La Raie d\u00e9pouill\u00e9e, du grand Jean Sim\u00e9on Chardin lors du Salon de 1763. La Cr\u00e2neuse elle loin d\u2019\u00eatre Sim\u00e9on a beau s\u2019\u00e9loigner de Gertrude constate que l\u2019os reste brouill\u00e9 et &hellip; <a href=\"https:\/\/juliettecharpentier.fr\/gertrudes\/os-brouille\/\" class=\"more-link\">Continuer la lecture<span class=\"screen-reader-text\"> de &laquo;&nbsp;Os brouill\u00e9.&nbsp;&raquo;<\/span><\/a><\/p>\n","protected":false},"author":1,"featured_media":0,"comment_status":"open","ping_status":"open","sticky":false,"template":"","format":"standard","meta":{"footnotes":""},"categories":[117,188,126,132,104,145,134,111],"tags":[],"class_list":["post-3197","post","type-post","status-publish","format-standard","hentry","category-derives-de-gertrude","category-exception-coloree","category-gertrude-prend-le-large","category-gertrude-peinture","category-l-anatomie-de-gertrude","category-la-botanique-de-gertrude","category-le-decollement-de-l-os","category-les-hommages-de-gertrude"],"post_mailing_queue_ids":[],"_links":{"self":[{"href":"https:\/\/juliettecharpentier.fr\/gertrudes\/wp-json\/wp\/v2\/posts\/3197","targetHints":{"allow":["GET"]}}],"collection":[{"href":"https:\/\/juliettecharpentier.fr\/gertrudes\/wp-json\/wp\/v2\/posts"}],"about":[{"href":"https:\/\/juliettecharpentier.fr\/gertrudes\/wp-json\/wp\/v2\/types\/post"}],"author":[{"embeddable":true,"href":"https:\/\/juliettecharpentier.fr\/gertrudes\/wp-json\/wp\/v2\/users\/1"}],"replies":[{"embeddable":true,"href":"https:\/\/juliettecharpentier.fr\/gertrudes\/wp-json\/wp\/v2\/comments?post=3197"}],"version-history":[{"count":4,"href":"https:\/\/juliettecharpentier.fr\/gertrudes\/wp-json\/wp\/v2\/posts\/3197\/revisions"}],"predecessor-version":[{"id":3204,"href":"https:\/\/juliettecharpentier.fr\/gertrudes\/wp-json\/wp\/v2\/posts\/3197\/revisions\/3204"}],"wp:attachment":[{"href":"https:\/\/juliettecharpentier.fr\/gertrudes\/wp-json\/wp\/v2\/media?parent=3197"}],"wp:term":[{"taxonomy":"category","embeddable":true,"href":"https:\/\/juliettecharpentier.fr\/gertrudes\/wp-json\/wp\/v2\/categories?post=3197"},{"taxonomy":"post_tag","embeddable":true,"href":"https:\/\/juliettecharpentier.fr\/gertrudes\/wp-json\/wp\/v2\/tags?post=3197"}],"curies":[{"name":"wp","href":"https:\/\/api.w.org\/{rel}","templated":true}]}}