{"id":3290,"date":"2022-04-09T00:00:00","date_gmt":"2022-04-08T22:00:00","guid":{"rendered":"https:\/\/juliettecharpentier.fr\/gertrudes\/?p=3290"},"modified":"2022-04-08T16:59:56","modified_gmt":"2022-04-08T14:59:56","slug":"a-corps-ou-en-des-a-corps-exception-au-capitaine-n15","status":"publish","type":"post","link":"https:\/\/juliettecharpentier.fr\/gertrudes\/a-corps-ou-en-des-a-corps-exception-au-capitaine-n15\/","title":{"rendered":"\u00c0 corps ou en d\u00e9s \u00e0 corps. Exception au Capitaine N\u00b015."},"content":{"rendered":"\n<p>\u00a0<\/p>\n<div style=\"width: 840px;\" class=\"wp-video\"><!--[if lt IE 9]><script>document.createElement('video');<\/script><![endif]-->\n<video class=\"wp-video-shortcode\" id=\"video-3290-1\" width=\"840\" height=\"473\" preload=\"metadata\" controls=\"controls\"><source type=\"video\/mp4\" src=\"https:\/\/juliettecharpentier.fr\/gertrudes\/wp-content\/uploads\/2022\/04\/Mon-film-15.mp4?_=1\" \/><a href=\"https:\/\/juliettecharpentier.fr\/gertrudes\/wp-content\/uploads\/2022\/04\/Mon-film-15.mp4\">https:\/\/juliettecharpentier.fr\/gertrudes\/wp-content\/uploads\/2022\/04\/Mon-film-15.mp4<\/a><\/video><\/div>\n<p><span style=\"font-family: arial black, sans-serif;\"><em><strong><span style=\"font-size: 14pt;\">J\u2019ai toujours \u00e9t\u00e9 en d\u00e9saccord avec mon corps .<\/span><\/strong><\/em><\/span><br \/><span style=\"font-family: arial black, sans-serif;\"><em><strong><span style=\"font-size: 14pt;\">Carr\u00e9ment pas raccord avec ce corps qui pourtant n\u2019\u00e9tait ni handicap\u00e9, ni malade, ni tordu, ni en surcharge mais dot\u00e9 d\u2019une g\u00e9om\u00e9trie spatiale incertaine et encombrante, d\u2019une gaucherie \u00e9vidente.<\/span><\/strong><\/em><\/span><br \/><span style=\"font-family: arial black, sans-serif;\"><em><strong><span style=\"font-size: 14pt;\">Combien de pieds de table, de coins de meuble, de chambranles de porte sont-ils entr\u00e9s en collision avec ma personne ? Combien d\u2019escaliers ont-ils eu raison de mon \u00e9quilibre ? Combien d\u2019assiettes, de tasses et autre objets fragiles se sont-ils \u00e9chapp\u00e9s de mes mains ?<\/span><\/strong><\/em><\/span><br \/><span style=\"font-family: arial black, sans-serif;\"><em><strong><span style=\"font-size: 14pt;\">Mon corps a bien souvent fait d\u00e9faut aux calculs de mon esprit comme le jour o\u00f9 j\u2019avais cru lancer mon lourd cartable en bas de l\u2019escalier du coll\u00e8ge. Mon corps avait suivi le mouvement \u00e0 l\u2019insu de mon plein gr\u00e9 et ma t\u00eate avait amorti le choc un \u00e9tage plus bas, d\u00e9monstration du manque d\u2019entente entre ces deux protagonistes de mon individu. Ce fut un souvenir percutant et, somme toute, assez dr\u00f4le de mon bref passage \u00e0 l\u2019\u00e9cole.<\/span><\/strong><\/em><\/span><br \/><span style=\"font-family: arial black, sans-serif;\"><em><strong><span style=\"font-size: 14pt;\">\u00c0 la m\u00eame \u00e9poque (j\u2019avais dans les onze-douze ans), mes parents me voyant si gauche, ont cru bon m\u2019inscrire \u00e0 un cours de danse classique que j\u2019ai fr\u00e9quent\u00e9 deux longues ann\u00e9es durant. <\/span><\/strong><\/em><\/span><br \/><span style=\"font-family: arial black, sans-serif;\"><em><strong><span style=\"font-size: 14pt;\">Le professeur se nommait Courtois (c\u2019est dire\u2026), et les valses de Chopin, dont, au piano, il accompagnait les exercices, m\u2019\u00e9voqueront \u00e0 jamais ces s\u00e9ances p\u00e9nibles o\u00f9 j\u2019\u00e9tais surnomm\u00e9e \u00ab l\u2019\u00e9l\u00e9phant \u00bb.<\/span><\/strong><\/em><\/span><br \/><span style=\"font-family: arial black, sans-serif;\"><em><strong><span style=\"font-size: 14pt;\">Pourtant mon corps n\u2019avait s\u00fbrement rien d\u2019\u00e9l\u00e9phantesque : j\u2019\u00e9tais plut\u00f4t petite, maigre et noiraude , les cheveux bruns et coup\u00e9s court. Incapable de coordonner mes mouvements et de maitriser correctement les bases de la danse classique, je ne faisais que retomber lourdement sur le parquet . Je contrastais avec la gr\u00e2ce de mes petites camarades blondes aux chignons serr\u00e9s impeccables sur le haut du cr\u00e2ne, fi\u00e8res de leurs chaussons \u00e0 pointe qu\u2019elles cassaient dans les charni\u00e8res des portes.<\/span><\/strong><\/em><\/span><br \/><span style=\"font-family: arial black, sans-serif;\"><em><strong><span style=\"font-size: 14pt;\">Je n\u2019ai, pour ma part, jamais d\u00e9pass\u00e9 le stade du chausson mou.<\/span><\/strong><\/em><\/span><br \/><span style=\"font-family: arial black, sans-serif;\"><em><strong><span style=\"font-size: 14pt;\">Mes parents comprirent que je ne serais jamais un petit rat de l\u2019Op\u00e9ra ; je fus donc inscrite dans un centre d\u2019\u00e9quitation.<\/span><\/strong><\/em><\/span><br \/><span style=\"font-family: arial black, sans-serif;\"><em><strong><span style=\"font-size: 14pt;\">La dur\u00e9e de l\u2019exp\u00e9rience fut fonction de la rigidit\u00e9 d\u00e9nu\u00e9e d\u2019indulgence de l\u2019ancien militaire qui dirigeait les cours et de l\u2019animal qui vite comprit \u00e0 qui il avait \u00e0 faire : au vu du peu de contr\u00f4le que j\u2019avais de mon propre corps, je ne risquais pas de lui imposer ma volont\u00e9, dessein qui, quand j\u2019y r\u00e9fl\u00e9chis \u00e0 pr\u00e9sent, n\u2019a jamais \u00e9t\u00e9 le mien.<\/span><\/strong><\/em><\/span><br \/><span style=\"font-family: arial black, sans-serif;\"><em><strong><span style=\"font-size: 14pt;\">J\u2019abandonnai donc ; et plus j\u2019avan\u00e7ais dans l\u2019adolescence, plus mon corps se repliait sur lui-m\u00eame, adoptant une voussure permanente qui me valut d\u2019incessants \u00ab Tiens-toi droite ! \u00bb de la part de mes parents.<\/span><\/strong><\/em><\/span><br \/><span style=\"font-family: arial black, sans-serif;\"><em><strong><span style=\"font-size: 14pt;\">Je suppose que cela les inqui\u00e9tait plus que moi qui, dans cette posture, renon\u00e7ais simplement \u00e0 maitriser mon image. Un vrai soulagement.<\/span><\/strong><\/em><\/span><br \/><span style=\"font-family: arial black, sans-serif;\"><em><strong><span style=\"font-size: 14pt;\">J\u2019ai accept\u00e9, depuis, le d\u00e9calage, voire m\u00eame l\u2019incoh\u00e9rence entre ma t\u00eate et mon corps. Le regard des autres quand il \u00e9tait bienveillant et surtout le regard amoureux m\u2019ont permise, \u00e0 d\u00e9faut d\u2019\u00eatre compl\u00e8tement en harmonie, de vivre mon corps au mieux.<\/span><\/strong><\/em><\/span><br \/><span style=\"font-family: arial black, sans-serif;\"><em><strong><span style=\"font-size: 14pt;\">Avec le temps, j\u2019ai \u00e9galement cultiv\u00e9 l\u2019autod\u00e9rision par rapport \u00e0 ma maladresse, \u00e0 ma g\u00e9om\u00e9trie improbable, \u00e0 ma l\u00e9gendaire incapacit\u00e9 \u00e0 m\u2019orienter dans l\u2019espace, \u00e0 mon manque d\u2019\u00e9quilibre postural.<\/span><\/strong><\/em><\/span><br \/><span style=\"font-family: arial black, sans-serif;\"><em><strong><span style=\"font-size: 14pt;\">Ces caract\u00e9ristiques font partie int\u00e9grante de ma personne. Mais j\u2019aurai toujours ce sursaut et un sentiment de perplexit\u00e9 en surprenant mon reflet de profil ou de dos dans un redoublement de miroirs.<\/span><\/strong><\/em><\/span><br \/><span style=\"font-family: arial black, sans-serif;\"><em><strong><span style=\"font-size: 14pt;\">J\u2019aurais pu m\u2019\u00e9pancher davantage sur ce p\u2026 de corps qui n\u2019en m\u00e9rite pas tant ; je ne voudrais surtout pas donner raison \u00e0 l\u2019arthrose qui me rappelle quotidiennement son existence.<br \/><\/span><\/strong><\/em><\/span><br \/><span style=\"font-family: arial black, sans-serif;\"><em><strong><span style=\"font-size: 14pt;\">Gertrude n\u2019a-t-elle pas prouv\u00e9 que la t\u00eate pouvait tout \u00e0 fait se passer des contingences du corps ?<\/span><\/strong><\/em><\/span><br \/><span style=\"font-family: arial black, sans-serif;\"><em><strong><span style=\"font-size: 14pt;\">Aurais-je pour autant imagin\u00e9 que moi Cr\u00e2neuse, Capitaine de ce blog exclusivement d\u00e9di\u00e9 \u00e0 un cr\u00e2ne sans chair ni corps, je r\u00e9aliserai une sculpture ? Vous savez le truc en trois dimensions qu\u2019il faut concevoir dans l\u2019espace et autour duquel il faut pouvoir tourner, ou au pire le machin dans lequel on se prend les pieds en regardant la peinture\u2026 Et une sculpture en vrai bois, sur le corps en plus ! \u00c0 partir d\u2019un d\u00e9fi lanc\u00e9 par un psychomotricien, qui plus est ! <br \/>\u00ab Le mouvement r\u00e9v\u00e8le le corps. \u00bb a-t-il dit.<\/span><\/strong><\/em><\/span><\/p>\n<p style=\"text-align: left;\"><span style=\"font-family: arial black, sans-serif;\"><em><strong><span style=\"font-size: 14pt;\">Pfffffff\u2026\u2026. C\u2019\u00e9tait juste un jeu.<\/span><\/strong><\/em><\/span><\/p>\n<p style=\"text-align: right;\"><span style=\"font-family: arial black, sans-serif;\">Article d\u00e9di\u00e9 \u00e0 B. et \u00e0 la psychomotricit\u00e9.<\/span><\/p>\n<p style=\"text-align: right;\"><span style=\"font-family: arial black, sans-serif;\"><em><strong><span style=\"font-size: 14pt;\"><br \/>Juliette Charpentier, Capitaine de ce blog. <br \/>9 avril 2022<br \/><br \/><a href=\"https:\/\/juliettecharpentier.fr\/gertrudes\/wp-content\/uploads\/2022\/04\/P4060067-scaled.jpg\"><img loading=\"lazy\" decoding=\"async\" class=\"aligncenter size-large wp-image-3294\" src=\"https:\/\/juliettecharpentier.fr\/gertrudes\/wp-content\/uploads\/2022\/04\/P4060067-1024x768.jpg\" alt=\"\" width=\"840\" height=\"630\" srcset=\"https:\/\/juliettecharpentier.fr\/gertrudes\/wp-content\/uploads\/2022\/04\/P4060067-1024x768.jpg 1024w, https:\/\/juliettecharpentier.fr\/gertrudes\/wp-content\/uploads\/2022\/04\/P4060067-300x225.jpg 300w, https:\/\/juliettecharpentier.fr\/gertrudes\/wp-content\/uploads\/2022\/04\/P4060067-768x576.jpg 768w, https:\/\/juliettecharpentier.fr\/gertrudes\/wp-content\/uploads\/2022\/04\/P4060067-1536x1152.jpg 1536w, https:\/\/juliettecharpentier.fr\/gertrudes\/wp-content\/uploads\/2022\/04\/P4060067-2048x1536.jpg 2048w, https:\/\/juliettecharpentier.fr\/gertrudes\/wp-content\/uploads\/2022\/04\/P4060067-1200x900.jpg 1200w\" sizes=\"auto, (max-width: 709px) 85vw, (max-width: 909px) 67vw, (max-width: 1362px) 62vw, 840px\" \/><\/a><\/span><\/strong><\/em><strong><span style=\"font-size: 14pt;\"><span style=\"font-family: times new roman, times, serif; font-size: 8pt;\"> JC<\/span><\/span><\/strong><em><strong><span style=\"font-size: 14pt;\"><span style=\"font-family: times new roman, times, serif; font-size: 8pt;\">,D\u00e9cembre 2021- Mars 2022,\u00a0 Le Corps en Jeu ou le Je du Corps. <\/span><\/span><\/strong><\/em><strong><span style=\"font-size: 14pt;\"><span style=\"font-family: times new roman, times, serif; font-size: 8pt;\">Bois de tilleul sculpt\u00e9. Dimension variable.<br \/>Photographie montrant la \u00ab\u00a0sculpture\u00a0\u00bb\u00a0 ainsi que son mode d&#8217;emploi et les dessins\u00a0 pr\u00e9paratoires ayant permis sa r\u00e9alisation.<\/span><\/span><\/strong><\/span><\/p>\n<p style=\"text-align: right;\"><span style=\"font-family: arial black, sans-serif;\"><strong><span style=\"font-size: 14pt;\"><span style=\"font-family: times new roman, times, serif; font-size: 8pt;\">.<\/span><\/span><\/strong><em><strong><span style=\"font-size: 14pt;\"><br \/><\/span><\/strong><\/em><\/span><\/p>\n<p><a href=\"https:\/\/juliettecharpentier.fr\/gertrudes\/wp-content\/uploads\/2022\/04\/22.jpg\"><img loading=\"lazy\" decoding=\"async\" class=\"aligncenter size-medium wp-image-3295\" src=\"https:\/\/juliettecharpentier.fr\/gertrudes\/wp-content\/uploads\/2022\/04\/22-266x300.jpg\" alt=\"\" width=\"266\" height=\"300\" srcset=\"https:\/\/juliettecharpentier.fr\/gertrudes\/wp-content\/uploads\/2022\/04\/22-266x300.jpg 266w, https:\/\/juliettecharpentier.fr\/gertrudes\/wp-content\/uploads\/2022\/04\/22-909x1024.jpg 909w, https:\/\/juliettecharpentier.fr\/gertrudes\/wp-content\/uploads\/2022\/04\/22-768x865.jpg 768w, https:\/\/juliettecharpentier.fr\/gertrudes\/wp-content\/uploads\/2022\/04\/22-1364x1536.jpg 1364w, https:\/\/juliettecharpentier.fr\/gertrudes\/wp-content\/uploads\/2022\/04\/22-1819x2048.jpg 1819w, https:\/\/juliettecharpentier.fr\/gertrudes\/wp-content\/uploads\/2022\/04\/22-1200x1351.jpg 1200w, https:\/\/juliettecharpentier.fr\/gertrudes\/wp-content\/uploads\/2022\/04\/22.jpg 2022w\" sizes=\"auto, (max-width: 266px) 85vw, 266px\" \/><\/a><\/p>\n<p>\u00a0<\/p>\n","protected":false},"excerpt":{"rendered":"<p>\u00a0 J\u2019ai toujours \u00e9t\u00e9 en d\u00e9saccord avec mon corps .Carr\u00e9ment pas raccord avec ce corps qui pourtant n\u2019\u00e9tait ni handicap\u00e9, ni malade, ni tordu, ni en surcharge mais dot\u00e9 d\u2019une g\u00e9om\u00e9trie spatiale incertaine et encombrante, d\u2019une gaucherie \u00e9vidente.Combien de pieds de table, de coins de meuble, de chambranles de porte sont-ils entr\u00e9s en collision avec &hellip; <a href=\"https:\/\/juliettecharpentier.fr\/gertrudes\/a-corps-ou-en-des-a-corps-exception-au-capitaine-n15\/\" class=\"more-link\">Continuer la lecture<span class=\"screen-reader-text\"> de &laquo;&nbsp;\u00c0 corps ou en d\u00e9s \u00e0 corps. Exception au Capitaine N\u00b015.&nbsp;&raquo;<\/span><\/a><\/p>\n","protected":false},"author":1,"featured_media":0,"comment_status":"open","ping_status":"open","sticky":false,"template":"","format":"standard","meta":{"footnotes":""},"categories":[143,139,154,107],"tags":[],"class_list":["post-3290","post","type-post","status-publish","format-standard","hentry","category-autoportrait-comme-gertrude","category-chapeau-au-capitaine","category-happy-birthday","category-les-dessous-du-capitaine"],"post_mailing_queue_ids":[],"_links":{"self":[{"href":"https:\/\/juliettecharpentier.fr\/gertrudes\/wp-json\/wp\/v2\/posts\/3290","targetHints":{"allow":["GET"]}}],"collection":[{"href":"https:\/\/juliettecharpentier.fr\/gertrudes\/wp-json\/wp\/v2\/posts"}],"about":[{"href":"https:\/\/juliettecharpentier.fr\/gertrudes\/wp-json\/wp\/v2\/types\/post"}],"author":[{"embeddable":true,"href":"https:\/\/juliettecharpentier.fr\/gertrudes\/wp-json\/wp\/v2\/users\/1"}],"replies":[{"embeddable":true,"href":"https:\/\/juliettecharpentier.fr\/gertrudes\/wp-json\/wp\/v2\/comments?post=3290"}],"version-history":[{"count":8,"href":"https:\/\/juliettecharpentier.fr\/gertrudes\/wp-json\/wp\/v2\/posts\/3290\/revisions"}],"predecessor-version":[{"id":3307,"href":"https:\/\/juliettecharpentier.fr\/gertrudes\/wp-json\/wp\/v2\/posts\/3290\/revisions\/3307"}],"wp:attachment":[{"href":"https:\/\/juliettecharpentier.fr\/gertrudes\/wp-json\/wp\/v2\/media?parent=3290"}],"wp:term":[{"taxonomy":"category","embeddable":true,"href":"https:\/\/juliettecharpentier.fr\/gertrudes\/wp-json\/wp\/v2\/categories?post=3290"},{"taxonomy":"post_tag","embeddable":true,"href":"https:\/\/juliettecharpentier.fr\/gertrudes\/wp-json\/wp\/v2\/tags?post=3290"}],"curies":[{"name":"wp","href":"https:\/\/api.w.org\/{rel}","templated":true}]}}