{"id":366,"date":"2008-10-23T00:02:02","date_gmt":"2008-10-22T22:02:02","guid":{"rendered":"http:\/\/juliettecharpentier.fr\/gertrudes\/2008\/10\/23\/sortie-de-relique-la-relique-au-gue-a108953194\/"},"modified":"2008-10-23T00:02:02","modified_gmt":"2008-10-22T22:02:02","slug":"sortie-de-relique-la-relique-au-gue-a108953194","status":"publish","type":"post","link":"https:\/\/juliettecharpentier.fr\/gertrudes\/sortie-de-relique-la-relique-au-gue-a108953194\/","title":{"rendered":"Sortie de relique: La Relique au Gu\u00e9."},"content":{"rendered":"<div style=\"text-align: center;\">     <span style=\"font-size: 24pt;\"><span style=\"font-family: arial black,avant garde;\"><strong><br \/>     Passage \u00e0 Gu\u00e9<br \/>     des Gertrudes Impassibles.<\/p>\n<p><\/strong><\/span><\/span>   <\/div>\n<div style=\"text-align: right;\">      <img loading=\"lazy\" decoding=\"async\" src=\"https:\/\/juliettecharpentier.fr\/gertrudes\/wp-content\/uploads\/2016\/04\/shsYSkUNXLbBGiIpXcNe4FC9628@357x599.jpg\" style=\"margin:3px auto; display:block; clear:both;\" height=\"599\" width=\"357\" alt=\"\"\/> <strong><span style=\"font-size: 8pt;\"><span style=\"font-family: times new roman,times;\">JC, <em>La Relique au Gu\u00e9,<\/em> 7 x 10,5 collage de photographie d\u00e9coup\u00e9es, crayon de couleur sur image pieuse, cadre achet\u00e9 en mai 2008 sur     Internet.<\/span><\/span><\/strong>   <\/div>\n<p>   <\/p>\n<div style=\"text-align: center;\">     <span style=\"font-size: 24pt;\"><span style=\"font-family: arial black,avant garde;\"><strong><br \/>     Gertrude se noie dans le Fleuve<\/strong><\/span><\/span><br \/>     <span style=\"font-size: 24pt;\"><span style=\"font-family: arial black,avant garde;\"><strong>des Improbables Travers\u00e9es.<br \/>     &nbsp;<br \/><\/strong><\/span><\/span>   <\/div>\n","protected":false},"excerpt":{"rendered":"<p>Passage \u00e0 Gu\u00e9 des Gertrudes Impassibles. JC, La Relique au Gu\u00e9, 7 x 10,5 collage de photographie d\u00e9coup\u00e9es, crayon de couleur sur image pieuse, cadre achet\u00e9 en mai 2008 sur Internet. Gertrude se noie dans le Fleuve des Improbables Travers\u00e9es. &nbsp;<\/p>\n","protected":false},"author":1,"featured_media":0,"comment_status":"open","ping_status":"open","sticky":false,"template":"","format":"standard","meta":{"footnotes":""},"categories":[149],"tags":[],"class_list":["post-366","post","type-post","status-publish","format-standard","hentry","category-les-reliques-de-gertrude"],"post_mailing_queue_ids":[],"_links":{"self":[{"href":"https:\/\/juliettecharpentier.fr\/gertrudes\/wp-json\/wp\/v2\/posts\/366","targetHints":{"allow":["GET"]}}],"collection":[{"href":"https:\/\/juliettecharpentier.fr\/gertrudes\/wp-json\/wp\/v2\/posts"}],"about":[{"href":"https:\/\/juliettecharpentier.fr\/gertrudes\/wp-json\/wp\/v2\/types\/post"}],"author":[{"embeddable":true,"href":"https:\/\/juliettecharpentier.fr\/gertrudes\/wp-json\/wp\/v2\/users\/1"}],"replies":[{"embeddable":true,"href":"https:\/\/juliettecharpentier.fr\/gertrudes\/wp-json\/wp\/v2\/comments?post=366"}],"version-history":[{"count":0,"href":"https:\/\/juliettecharpentier.fr\/gertrudes\/wp-json\/wp\/v2\/posts\/366\/revisions"}],"wp:attachment":[{"href":"https:\/\/juliettecharpentier.fr\/gertrudes\/wp-json\/wp\/v2\/media?parent=366"}],"wp:term":[{"taxonomy":"category","embeddable":true,"href":"https:\/\/juliettecharpentier.fr\/gertrudes\/wp-json\/wp\/v2\/categories?post=366"},{"taxonomy":"post_tag","embeddable":true,"href":"https:\/\/juliettecharpentier.fr\/gertrudes\/wp-json\/wp\/v2\/tags?post=366"}],"curies":[{"name":"wp","href":"https:\/\/api.w.org\/{rel}","templated":true}]}}