{"id":367,"date":"2008-10-16T09:52:02","date_gmt":"2008-10-16T07:52:02","guid":{"rendered":"http:\/\/juliettecharpentier.fr\/gertrudes\/2008\/10\/16\/sortie-de-relique-la-relique-botanique-a108953662\/"},"modified":"2008-10-16T09:52:02","modified_gmt":"2008-10-16T07:52:02","slug":"sortie-de-relique-la-relique-botanique-a108953662","status":"publish","type":"post","link":"https:\/\/juliettecharpentier.fr\/gertrudes\/sortie-de-relique-la-relique-botanique-a108953662\/","title":{"rendered":"Sortie de relique: La Relique Botanique."},"content":{"rendered":"<div style=\"text-align: center;\">     <span style=\"font-size: 12pt;\"><strong><span style=\"font-family: arial black,avant garde;\">De la<\/span><\/strong><\/span><br \/>     <span style=\"font-size: 24pt;\"><strong><span style=\"font-family: arial black,avant garde;\"><span style=\"font-size: 36pt;\">Botanique<\/span><\/span><\/strong><\/span><br \/>     <span style=\"font-size: 24pt;\"><strong><span style=\"font-family: arial black,avant garde;\"><span style=\"font-size: 12pt;\">comme<\/span><\/span><\/strong><\/span><br \/>     <span style=\"font-size: 36pt;\"><strong><span style=\"font-family: arial black,avant garde;\">Philosophie<\/span><\/strong><\/span><br \/>     <span style=\"font-size: 12pt;\"><strong><span style=\"font-family: arial black,avant garde;\">dans la<\/span><\/strong><\/span><br \/>     <span style=\"font-size: 24pt;\"><strong><span style=\"font-family: arial black,avant garde;\"><span style=\"font-size: 36pt;\">Culture<\/span><\/span><\/strong><\/span><br \/>     <span style=\"font-size: 24pt;\"><strong><span style=\"font-family: arial black,avant garde;\"><span style=\"font-size: 12pt;\">de la<\/span><\/span><\/strong><\/span><br \/>     <span style=\"font-size: 36pt;\"><strong><span style=\"font-family: arial black,avant garde;\">&nbsp; Mis\u00e8re*.<\/p>\n<p><\/span><\/strong><\/span>     <\/p>\n<div style=\"text-align: right;\">        <img loading=\"lazy\" decoding=\"async\" src=\"https:\/\/juliettecharpentier.fr\/gertrudes\/wp-content\/uploads\/2016\/04\/82HwDeryZrBkt9wDqKRM3VugjwY@600x450.jpg\" style=\"margin:3px auto; display:block; clear:both;\" height=\"450\" width=\"600\" alt=\"\"\/> <span style=\"font-size: 8pt;\"><strong>JC, <em>La Relique Botanique<\/em>, diam\u00e8tre 15 cm<br \/>       acrylique et photographies d\u00e9coup\u00e9es coll\u00e9es sur cadre \u00e0 fleurs s\u00e9ch\u00e9es<br \/>       achet\u00e9 lors du vide grenier du Talus, mai 2008, Paris 18\u00e8me.<\/p>\n<p><\/strong><\/span>       <\/p>\n<div style=\"text-align: center;\">         <span style=\"font-size: 12pt;\"><strong>* \u00c0 <a href=\"http:\/\/lesmiserables.over-blog.com\">\u00c9mile<\/a>, Mis\u00e9rable Botaniste<br \/><\/strong><\/span>       <\/div>\n<\/p><\/div>\n<\/p><\/div>\n","protected":false},"excerpt":{"rendered":"<p>De la Botanique comme Philosophie dans la Culture de la &nbsp; Mis\u00e8re*. JC, La Relique Botanique, diam\u00e8tre 15 cm acrylique et photographies d\u00e9coup\u00e9es coll\u00e9es sur cadre \u00e0 fleurs s\u00e9ch\u00e9es achet\u00e9 lors du vide grenier du Talus, mai 2008, Paris 18\u00e8me. * \u00c0 \u00c9mile, Mis\u00e9rable Botaniste<\/p>\n","protected":false},"author":1,"featured_media":0,"comment_status":"open","ping_status":"open","sticky":false,"template":"","format":"standard","meta":{"footnotes":""},"categories":[145],"tags":[],"class_list":["post-367","post","type-post","status-publish","format-standard","hentry","category-la-botanique-de-gertrude"],"post_mailing_queue_ids":[],"_links":{"self":[{"href":"https:\/\/juliettecharpentier.fr\/gertrudes\/wp-json\/wp\/v2\/posts\/367","targetHints":{"allow":["GET"]}}],"collection":[{"href":"https:\/\/juliettecharpentier.fr\/gertrudes\/wp-json\/wp\/v2\/posts"}],"about":[{"href":"https:\/\/juliettecharpentier.fr\/gertrudes\/wp-json\/wp\/v2\/types\/post"}],"author":[{"embeddable":true,"href":"https:\/\/juliettecharpentier.fr\/gertrudes\/wp-json\/wp\/v2\/users\/1"}],"replies":[{"embeddable":true,"href":"https:\/\/juliettecharpentier.fr\/gertrudes\/wp-json\/wp\/v2\/comments?post=367"}],"version-history":[{"count":0,"href":"https:\/\/juliettecharpentier.fr\/gertrudes\/wp-json\/wp\/v2\/posts\/367\/revisions"}],"wp:attachment":[{"href":"https:\/\/juliettecharpentier.fr\/gertrudes\/wp-json\/wp\/v2\/media?parent=367"}],"wp:term":[{"taxonomy":"category","embeddable":true,"href":"https:\/\/juliettecharpentier.fr\/gertrudes\/wp-json\/wp\/v2\/categories?post=367"},{"taxonomy":"post_tag","embeddable":true,"href":"https:\/\/juliettecharpentier.fr\/gertrudes\/wp-json\/wp\/v2\/tags?post=367"}],"curies":[{"name":"wp","href":"https:\/\/api.w.org\/{rel}","templated":true}]}}