{"id":368,"date":"2008-10-19T00:02:02","date_gmt":"2008-10-18T22:02:02","guid":{"rendered":"http:\/\/juliettecharpentier.fr\/gertrudes\/2008\/10\/19\/sortie-de-relique-la-relique-des-affliges-a108953196\/"},"modified":"2008-10-19T00:02:02","modified_gmt":"2008-10-18T22:02:02","slug":"sortie-de-relique-la-relique-des-affliges-a108953196","status":"publish","type":"post","link":"https:\/\/juliettecharpentier.fr\/gertrudes\/sortie-de-relique-la-relique-des-affliges-a108953196\/","title":{"rendered":"Sortie de relique: La Relique des Afflig\u00e9s."},"content":{"rendered":"<div style=\"text-align: right;\">\n<div style=\"text-align: center;\">       <span style=\"font-size: 24pt;\"><span style=\"font-family: arial black,avant garde;\"><br \/>       Gertrude soutient<br \/>       les Coquilles de l&rsquo;Affliction.<\/p>\n<p><\/span><\/span>     <\/div>\n<p> <img loading=\"lazy\" decoding=\"async\" src=\"https:\/\/juliettecharpentier.fr\/gertrudes\/wp-content\/uploads\/2016\/04\/NxzQ_v777Gzd0ENsV7qgmUnhXGQ@426x599.jpg\" style=\"margin:3px auto; display:block; clear:both;\" height=\"599\" width=\"426\" alt=\"\"\/> <strong><span style=\"font-size: 8pt;\"><span style=\"font-family: times new roman,times;\">JC, <em>La Relique des Afflig\u00e9s<\/em>, octobre 2008,<br \/>     6 cm x 9 cm, collage, photographies, cadre \u00e0 verre bomb\u00e9 avec image pieuse achet\u00e9 sur Internet&nbsp; le 12 juin 2007.<br \/><\/span><\/span><\/strong>     <\/p>\n<div style=\"text-align: center;\">       <span style=\"font-size: 24pt;\"><span style=\"font-family: arial black,avant garde;\"><strong><br \/>       Pi\u00e8tre colonnade<\/strong><br \/>       <strong>pour un arc enguirland\u00e9.<\/p>\n<p><\/strong><\/span><\/span>     <\/div>\n<\/p><\/div>\n","protected":false},"excerpt":{"rendered":"<p>Gertrude soutient les Coquilles de l&rsquo;Affliction. JC, La Relique des Afflig\u00e9s, octobre 2008, 6 cm x 9 cm, collage, photographies, cadre \u00e0 verre bomb\u00e9 avec image pieuse achet\u00e9 sur Internet&nbsp; le 12 juin 2007. Pi\u00e8tre colonnade pour un arc enguirland\u00e9.<\/p>\n","protected":false},"author":1,"featured_media":0,"comment_status":"open","ping_status":"open","sticky":false,"template":"","format":"standard","meta":{"footnotes":""},"categories":[149],"tags":[],"class_list":["post-368","post","type-post","status-publish","format-standard","hentry","category-les-reliques-de-gertrude"],"post_mailing_queue_ids":[],"_links":{"self":[{"href":"https:\/\/juliettecharpentier.fr\/gertrudes\/wp-json\/wp\/v2\/posts\/368","targetHints":{"allow":["GET"]}}],"collection":[{"href":"https:\/\/juliettecharpentier.fr\/gertrudes\/wp-json\/wp\/v2\/posts"}],"about":[{"href":"https:\/\/juliettecharpentier.fr\/gertrudes\/wp-json\/wp\/v2\/types\/post"}],"author":[{"embeddable":true,"href":"https:\/\/juliettecharpentier.fr\/gertrudes\/wp-json\/wp\/v2\/users\/1"}],"replies":[{"embeddable":true,"href":"https:\/\/juliettecharpentier.fr\/gertrudes\/wp-json\/wp\/v2\/comments?post=368"}],"version-history":[{"count":0,"href":"https:\/\/juliettecharpentier.fr\/gertrudes\/wp-json\/wp\/v2\/posts\/368\/revisions"}],"wp:attachment":[{"href":"https:\/\/juliettecharpentier.fr\/gertrudes\/wp-json\/wp\/v2\/media?parent=368"}],"wp:term":[{"taxonomy":"category","embeddable":true,"href":"https:\/\/juliettecharpentier.fr\/gertrudes\/wp-json\/wp\/v2\/categories?post=368"},{"taxonomy":"post_tag","embeddable":true,"href":"https:\/\/juliettecharpentier.fr\/gertrudes\/wp-json\/wp\/v2\/tags?post=368"}],"curies":[{"name":"wp","href":"https:\/\/api.w.org\/{rel}","templated":true}]}}