{"id":407,"date":"2011-05-23T00:01:01","date_gmt":"2011-05-22T22:01:01","guid":{"rendered":"http:\/\/juliettecharpentier.fr\/gertrudes\/2011\/05\/23\/2eme-defi-gertrude-valda-da-a108949052\/"},"modified":"2011-05-23T00:01:01","modified_gmt":"2011-05-22T22:01:01","slug":"2eme-defi-gertrude-valda-da-a108949052","status":"publish","type":"post","link":"https:\/\/juliettecharpentier.fr\/gertrudes\/2eme-defi-gertrude-valda-da-a108949052\/","title":{"rendered":"2\u00e8me D\u00e9fi*: Gertrude Valda-Da"},"content":{"rendered":"<p>     &nbsp;   <\/p>\n<p style=\"text-align: center;\">     &nbsp;   <\/p>\n<p style=\"text-align: center;\">     &nbsp;   <\/p>\n<p style=\"text-align: center;\">     <span style=\"font-family: arial black,avant garde; font-size: 24pt;\"><strong><span style=\"color: #339966;\">Gertude Valda-Da approximative<\/span> pour plantigrades des montagnes<\/strong><\/span>   <\/p>\n<p style=\"text-align: center;\">     &nbsp;   <\/p>\n<p style=\"text-align: center;\">     <span style=\"font-family: arial black,avant garde; font-size: 24pt;\"><strong><br \/><\/strong><\/span>   <\/p>\n<p>     &nbsp;   <\/p>\n<p>     <span style=\"font-size: 12pt; font-family: Times;\"><img loading=\"lazy\" decoding=\"async\" src=\"https:\/\/juliettecharpentier.fr\/gertrudes\/wp-content\/uploads\/2016\/04\/GB3O9AbJB7UPE0KAxeEqEIvR8Hw.jpg\" style=\"margin:3px auto; display:block; clear:both;\" alt=\"gertrude-2-1746.JPG\" height=\"450\" width=\"600\"><\/img><\/span>   <\/p>\n<p style=\"text-align: right;\">     <span style=\"font-family: times new roman,times; font-size: 8pt;\"><strong>JC, <em>Gertrude Valda-Da,<\/em> (collection particuli\u00e8re)<\/strong><\/span>   <\/p>\n<p style=\"text-align: right;\">     <span style=\"font-family: times new roman,times; font-size: 8pt;\"><strong>carton ondul\u00e9, buvard publicitaire ancien achet\u00e9 sur Internet, crayon de couleur sur papier quadrill\u00e9, \u00e9pingles, papier     cristal, trombones, gommes \u00e0 l\u2019eucalyptus pyrograv\u00e9es, pochette en plastique, fil, chatterton rouge,<\/strong><\/span>   <\/p>\n<p style=\"text-align: right;\">     <span style=\"font-family: times new roman,times; font-size: 8pt;\"><strong>1 x 17 x 20 cm<\/strong><\/span>   <\/p>\n<p>     &nbsp;   <\/p>\n<p>     &nbsp;   <\/p>\n<p>     <span style=\"font-family: arial black,avant garde; font-size: 18pt;\">Pastilles mortellement aromatis\u00e9es \u00e0 la mante religieuse, garanties fabriqu\u00e9es \u00e0 la main et sculpt\u00e9es artisanalement \u00e0     l\u2019oSpinel.<\/span>   <\/p>\n<p>     <span style=\"font-family: arial black,avant garde; font-size: 18pt;\">Emballage sous atmosph\u00e8re \u00e9chappant \u00e0 tout contr\u00f4le.<\/span>   <\/p>\n<p>     <span style=\"font-family: arial black,avant garde; font-size: 18pt;\">Effets ind\u00e9sirables&nbsp;: gogolisme cr\u00e9tin et soufflage de bronches.<\/span>   <\/p>\n<p>     <span style=\"font-family: arial black,avant garde; font-size: 18pt;\">Indications th\u00e9rapeutiques&nbsp;: Ne gu\u00e9rit pas les Dadas de tous leurs mots.<\/span>   <\/p>\n<p>     <span style=\"font-family: arial black,avant garde; font-size: 18pt;\">Posologie: M\u00e2chez Fort.<br \/><\/span>   <\/p>\n<p>     &nbsp;   <\/p>\n<p style=\"text-align: center;\">     <span style=\"font-size: 8pt;\"><strong><span style=\"font-family: times new roman,times;\"><span style=\"color: #ff0000;\">&nbsp;<\/span><\/span><\/strong><\/span>   <\/p>\n<p style=\"text-align: center;\">     &nbsp;   <\/p>\n<p style=\"text-align: center;\">     &nbsp;   <\/p>\n<p style=\"text-align: center;\">     <span style=\"font-family: arial black,avant garde; font-size: 14pt;\"><strong>\u00c0<\/strong><\/span>   <\/p>\n<p style=\"text-align: center;\">     <strong><span style=\"font-family: times new roman,times; font-size: 12pt;\"><span style=\"font-family: arial black,avant garde; font-size: 14pt;\"><a href=\"http:\/\/machefort.over-blog.fr\">Armengol\/Machefort<\/a><\/span><\/span><\/strong>   <\/p>\n<p style=\"text-align: center;\">     &nbsp;   <\/p>\n<p style=\"text-align: center;\">     <strong><span style=\"font-family: times new roman,times; font-size: 12pt;\"><span style=\"font-family: arial black,avant garde; font-size: 14pt;\"><img loading=\"lazy\" decoding=\"async\" src=\"https:\/\/juliettecharpentier.fr\/gertrudes\/wp-content\/uploads\/2016\/04\/btoIV9sxracoAIB82uQl-TP4fmY.jpg\" style=\"margin:3px auto; display:block; clear:both;\" alt=\"valdada.JPG\" height=\"100\" width=\"87\"><\/img><\/span><\/span><\/strong><span style=\"font-size: 8pt;\"><strong><span style=\"font-family: times new roman,times;\"><span style=\"color: #ff0000;\">*<\/span>Gertrude se d\u00e9gage de toute responsabilit\u00e9 quant aux d\u00e9fis improbables lanc\u00e9s     avec inconscience par ses interlocuteurs.<\/span><\/strong><\/span>   <\/p>\n<p style=\"text-align: center;\">     &nbsp;   <\/p>\n<p style=\"text-align: center;\">     <strong><span style=\"font-family: times new roman,times; font-size: 12pt;\"><span style=\"font-family: arial black,avant garde; font-size: 14pt;\">1er D\u00e9fi<\/span><\/span><\/strong>   <\/p>\n<p style=\"text-align: center;\">     <strong><span style=\"font-family: times new roman,times; font-size: 12pt;\"><span style=\"font-family: arial black,avant garde; font-size: 14pt;\">sur<\/span><\/span><\/strong>   <\/p>\n<p style=\"text-align: center;\">     <strong><span style=\"font-family: times new roman,times; font-size: 12pt;\"><span style=\"font-family: arial black,avant garde; font-size: 14pt;\"><a href=\"http:\/\/gertrude.over-blog.org\">gertrude.over-blog.org<\/a><\/span><\/span><\/strong>   <\/p>\n<p style=\"text-align: center;\">     <strong><span style=\"font-family: times new roman,times; font-size: 12pt;\"><span style=\"font-family: arial black,avant garde; font-size: 14pt;\">3\u00e8me D\u00e9fi<\/span><\/span><\/strong>   <\/p>\n<p style=\"text-align: center;\">     <strong><span style=\"font-family: times new roman,times; font-size: 12pt;\"><span style=\"font-family: arial black,avant garde; font-size: 14pt;\">sur<\/span><\/span><\/strong>   <\/p>\n<p style=\"text-align: center;\">     <strong><span style=\"font-family: times new roman,times; font-size: 12pt;\"><span style=\"font-family: arial black,avant garde; font-size: 14pt;\"><a href=\"http:\/\/gertrudenoire.over-blog.com\">gertrudenoire.over-blog.com<\/a><\/span><\/span><\/strong>   <\/p>\n<p style=\"text-align: center;\">     &nbsp;   <\/p>\n<p style=\"text-align: center;\">     &nbsp;   <\/p>\n<p style=\"text-align: center;\">     <strong><span style=\"font-family: times new roman,times; font-size: 12pt;\"><span style=\"font-family: arial black,avant garde; font-size: 14pt;\"><br \/><\/span><\/span><\/strong>   <\/p>\n","protected":false},"excerpt":{"rendered":"<p>&nbsp; &nbsp; &nbsp; Gertude Valda-Da approximative pour plantigrades des montagnes &nbsp; &nbsp; JC, Gertrude Valda-Da, (collection particuli\u00e8re) carton ondul\u00e9, buvard publicitaire ancien achet\u00e9 sur Internet, crayon de couleur sur papier quadrill\u00e9, \u00e9pingles, papier cristal, trombones, gommes \u00e0 l\u2019eucalyptus pyrograv\u00e9es, pochette en plastique, fil, chatterton rouge, 1 x 17 x 20 cm &nbsp; &nbsp; Pastilles mortellement &hellip; <a href=\"https:\/\/juliettecharpentier.fr\/gertrudes\/2eme-defi-gertrude-valda-da-a108949052\/\" class=\"more-link\">Continuer la lecture<span class=\"screen-reader-text\"> de &laquo;&nbsp;2\u00e8me D\u00e9fi*: Gertrude Valda-Da&nbsp;&raquo;<\/span><\/a><\/p>\n","protected":false},"author":2,"featured_media":0,"comment_status":"open","ping_status":"open","sticky":false,"template":"","format":"standard","meta":{"footnotes":""},"categories":[158],"tags":[],"class_list":["post-407","post","type-post","status-publish","format-standard","hentry","category-les-performances-de-gertrude-rose"],"post_mailing_queue_ids":[],"_links":{"self":[{"href":"https:\/\/juliettecharpentier.fr\/gertrudes\/wp-json\/wp\/v2\/posts\/407","targetHints":{"allow":["GET"]}}],"collection":[{"href":"https:\/\/juliettecharpentier.fr\/gertrudes\/wp-json\/wp\/v2\/posts"}],"about":[{"href":"https:\/\/juliettecharpentier.fr\/gertrudes\/wp-json\/wp\/v2\/types\/post"}],"author":[{"embeddable":true,"href":"https:\/\/juliettecharpentier.fr\/gertrudes\/wp-json\/wp\/v2\/users\/2"}],"replies":[{"embeddable":true,"href":"https:\/\/juliettecharpentier.fr\/gertrudes\/wp-json\/wp\/v2\/comments?post=407"}],"version-history":[{"count":0,"href":"https:\/\/juliettecharpentier.fr\/gertrudes\/wp-json\/wp\/v2\/posts\/407\/revisions"}],"wp:attachment":[{"href":"https:\/\/juliettecharpentier.fr\/gertrudes\/wp-json\/wp\/v2\/media?parent=407"}],"wp:term":[{"taxonomy":"category","embeddable":true,"href":"https:\/\/juliettecharpentier.fr\/gertrudes\/wp-json\/wp\/v2\/categories?post=407"},{"taxonomy":"post_tag","embeddable":true,"href":"https:\/\/juliettecharpentier.fr\/gertrudes\/wp-json\/wp\/v2\/tags?post=407"}],"curies":[{"name":"wp","href":"https:\/\/api.w.org\/{rel}","templated":true}]}}