{"id":417,"date":"2008-08-17T13:00:02","date_gmt":"2008-08-17T11:00:02","guid":{"rendered":"http:\/\/juliettecharpentier.fr\/gertrudes\/2008\/08\/17\/canopee-n-2-a108949258\/"},"modified":"2008-08-17T13:00:02","modified_gmt":"2008-08-17T11:00:02","slug":"canopee-n-2-a108949258","status":"publish","type":"post","link":"https:\/\/juliettecharpentier.fr\/gertrudes\/canopee-n-2-a108949258\/","title":{"rendered":"Canop\u00e9e n\u00b02."},"content":{"rendered":"<p>    <img loading=\"lazy\" decoding=\"async\" src=\"https:\/\/juliettecharpentier.fr\/gertrudes\/wp-content\/uploads\/2016\/04\/Q7qmu14kQntKAWQoy4ePNM7UHnA@600x450.jpg\" style=\"margin:3px auto; display:block; clear:both;\" height=\"450\" width=\"600\" alt=\"\"\/> <br \/>   &nbsp;&nbsp;&nbsp; &nbsp;&nbsp;&nbsp; &nbsp;&nbsp;&nbsp; <em><strong><span style=\"font-family: times new roman; font-size: 14pt;\">En quelle mani\u00e8re sont donc ces deux temps, le pass\u00e9, et l\u2019avenir ;   puisque le pass\u00e9 n\u2019est plus et que l\u2019avenir n\u2019est pas encore ? Et quant au pr\u00e9sent, s\u2019il \u00e9tait toujours pr\u00e9sent, et qu\u2019en s\u2019\u00e9coulant il ne devint point un temps pass\u00e9, ce ne serait plus le temps,   mais l\u2019\u00e9ternit\u00e9. Si donc le pr\u00e9sent n\u2019est un temps que parce qu\u2019il s\u2019\u00e9coule et devient un temps pass\u00e9, comment pouvons-nous dire qu\u2019une chose soit, laquelle n\u2019a autre cause de son \u00eatre, sinon   qu\u2019elle ne sera plus ? De sorte que nous ne pouvons dire avec v\u00e9rit\u00e9 que le temps soit, sinon parce qu\u2019il tend \u00e0 n\u2019\u00eatre plus.<\/span><\/strong><\/em><\/p>\n<div style=\"text-align: right;\">     <strong>Saint Augustin, <em>Confessions.<\/em><\/strong>   <\/div>\n<p><\/p>\n","protected":false},"excerpt":{"rendered":"<p>&nbsp;&nbsp;&nbsp; &nbsp;&nbsp;&nbsp; &nbsp;&nbsp;&nbsp; En quelle mani\u00e8re sont donc ces deux temps, le pass\u00e9, et l\u2019avenir ; puisque le pass\u00e9 n\u2019est plus et que l\u2019avenir n\u2019est pas encore ? Et quant au pr\u00e9sent, s\u2019il \u00e9tait toujours pr\u00e9sent, et qu\u2019en s\u2019\u00e9coulant il ne devint point un temps pass\u00e9, ce ne serait plus le temps, mais l\u2019\u00e9ternit\u00e9. Si &hellip; <a href=\"https:\/\/juliettecharpentier.fr\/gertrudes\/canopee-n-2-a108949258\/\" class=\"more-link\">Continuer la lecture<span class=\"screen-reader-text\"> de &laquo;&nbsp;Canop\u00e9e n\u00b02.&nbsp;&raquo;<\/span><\/a><\/p>\n","protected":false},"author":2,"featured_media":0,"comment_status":"open","ping_status":"open","sticky":false,"template":"","format":"standard","meta":{"footnotes":""},"categories":[117],"tags":[],"class_list":["post-417","post","type-post","status-publish","format-standard","hentry","category-derives-de-gertrude"],"post_mailing_queue_ids":[],"_links":{"self":[{"href":"https:\/\/juliettecharpentier.fr\/gertrudes\/wp-json\/wp\/v2\/posts\/417","targetHints":{"allow":["GET"]}}],"collection":[{"href":"https:\/\/juliettecharpentier.fr\/gertrudes\/wp-json\/wp\/v2\/posts"}],"about":[{"href":"https:\/\/juliettecharpentier.fr\/gertrudes\/wp-json\/wp\/v2\/types\/post"}],"author":[{"embeddable":true,"href":"https:\/\/juliettecharpentier.fr\/gertrudes\/wp-json\/wp\/v2\/users\/2"}],"replies":[{"embeddable":true,"href":"https:\/\/juliettecharpentier.fr\/gertrudes\/wp-json\/wp\/v2\/comments?post=417"}],"version-history":[{"count":0,"href":"https:\/\/juliettecharpentier.fr\/gertrudes\/wp-json\/wp\/v2\/posts\/417\/revisions"}],"wp:attachment":[{"href":"https:\/\/juliettecharpentier.fr\/gertrudes\/wp-json\/wp\/v2\/media?parent=417"}],"wp:term":[{"taxonomy":"category","embeddable":true,"href":"https:\/\/juliettecharpentier.fr\/gertrudes\/wp-json\/wp\/v2\/categories?post=417"},{"taxonomy":"post_tag","embeddable":true,"href":"https:\/\/juliettecharpentier.fr\/gertrudes\/wp-json\/wp\/v2\/tags?post=417"}],"curies":[{"name":"wp","href":"https:\/\/api.w.org\/{rel}","templated":true}]}}