{"id":419,"date":"2010-01-22T20:32:02","date_gmt":"2010-01-22T19:32:02","guid":{"rendered":"http:\/\/juliettecharpentier.fr\/gertrudes\/2010\/01\/22\/capitaine-d-os-douce-a108949390\/"},"modified":"2010-01-22T20:32:02","modified_gmt":"2010-01-22T19:32:02","slug":"capitaine-d-os-douce-a108949390","status":"publish","type":"post","link":"https:\/\/juliettecharpentier.fr\/gertrudes\/capitaine-d-os-douce-a108949390\/","title":{"rendered":"Capitaine d&rsquo;Os douce."},"content":{"rendered":"<p>   <span style=\"font-size: 12pt;\"><span style=\"font-family: times new roman,times;\"><strong>Quant \u00e0 la mer, elle m\u2019est li\u00e9e \u00e0 jamais et je ne peux la penser que comme l\u2019oc\u00e9an sauvage, aux vagues violentes   et aux \u00e9tendues vastes et d\u00e9sertes des c\u00f4tes malgaches de mon enfance, ou comme les r\u00e9cifs du Vanuatu o\u00f9 j\u2019ai pass\u00e9 mon adolescence ; r\u00e9cifs sur lesquels j\u2019ai d\u00e9pens\u00e9 le plus clair de mon temps \u00e0   la recherche de coquillages, activit\u00e9 que je pla\u00e7ais bien avant mes \u00e9tudes et les relations humaines.<\/strong><\/span><\/span><\/p>\n<div style=\"text-align: center;\">     <img loading=\"lazy\" decoding=\"async\" src=\"https:\/\/juliettecharpentier.fr\/gertrudes\/wp-content\/uploads\/2016\/04\/cYuOtsajmm7uCiqBvKVeIfYFxYs.jpg\" style=\"margin:3px auto; display:block; clear:both;\" alt=\"img 0077-copie-1\" height=\"67\" width=\"69\"><span style=\"font-size: 8pt;\"><span style=\"font-family: times new roman,times;\"><strong>JC par DV<\/p>\n<p><\/strong><\/span><\/span>   <\/img><\/div>\n<p>&lt;script type=\u00a0\u00bbtext\/javascript\u00a0\u00bb&gt; \/\/ &lt;![CDATA[ var gaJsHost = ((\u00ab\u00a0https:\u00a0\u00bb == document.location.protocol) ? \u00ab\u00a0https:\/\/ssl.\u00a0\u00bb : \u00ab\u00a0http:\/\/www.\u00a0\u00bb); document.write(unescape(\u00ab\u00a0%3Cscript src='\u00a0\u00bb + gaJsHost + \u00ab\u00a0google-analytics.com\/ga.js&rsquo; type=&rsquo;text\/javascript&rsquo;%3E%3C\/script%3E\u00a0\u00bb)); \/\/]]&gt; &lt;\/script&gt;&lt;script type=\u00a0\u00bbtext\/javascript\u00a0\u00bb&gt; \/\/ &lt;![CDATA[ try { var pageTracker = _gat._getTracker(\u00ab\u00a0UA-6900860-2\u00a0\u00bb); pageTracker._trackPageview(); } catch(err) {} \/\/]]&gt; &lt;\/script&gt;<\/p>\n","protected":false},"excerpt":{"rendered":"<p>Quant \u00e0 la mer, elle m\u2019est li\u00e9e \u00e0 jamais et je ne peux la penser que comme l\u2019oc\u00e9an sauvage, aux vagues violentes et aux \u00e9tendues vastes et d\u00e9sertes des c\u00f4tes malgaches de mon enfance, ou comme les r\u00e9cifs du Vanuatu o\u00f9 j\u2019ai pass\u00e9 mon adolescence ; r\u00e9cifs sur lesquels j\u2019ai d\u00e9pens\u00e9 le plus clair de &hellip; <a href=\"https:\/\/juliettecharpentier.fr\/gertrudes\/capitaine-d-os-douce-a108949390\/\" class=\"more-link\">Continuer la lecture<span class=\"screen-reader-text\"> de &laquo;&nbsp;Capitaine d&rsquo;Os douce.&nbsp;&raquo;<\/span><\/a><\/p>\n","protected":false},"author":2,"featured_media":0,"comment_status":"open","ping_status":"open","sticky":false,"template":"","format":"standard","meta":{"footnotes":""},"categories":[152],"tags":[],"class_list":["post-419","post","type-post","status-publish","format-standard","hentry","category-bouillon-de-rose"],"post_mailing_queue_ids":[],"_links":{"self":[{"href":"https:\/\/juliettecharpentier.fr\/gertrudes\/wp-json\/wp\/v2\/posts\/419","targetHints":{"allow":["GET"]}}],"collection":[{"href":"https:\/\/juliettecharpentier.fr\/gertrudes\/wp-json\/wp\/v2\/posts"}],"about":[{"href":"https:\/\/juliettecharpentier.fr\/gertrudes\/wp-json\/wp\/v2\/types\/post"}],"author":[{"embeddable":true,"href":"https:\/\/juliettecharpentier.fr\/gertrudes\/wp-json\/wp\/v2\/users\/2"}],"replies":[{"embeddable":true,"href":"https:\/\/juliettecharpentier.fr\/gertrudes\/wp-json\/wp\/v2\/comments?post=419"}],"version-history":[{"count":0,"href":"https:\/\/juliettecharpentier.fr\/gertrudes\/wp-json\/wp\/v2\/posts\/419\/revisions"}],"wp:attachment":[{"href":"https:\/\/juliettecharpentier.fr\/gertrudes\/wp-json\/wp\/v2\/media?parent=419"}],"wp:term":[{"taxonomy":"category","embeddable":true,"href":"https:\/\/juliettecharpentier.fr\/gertrudes\/wp-json\/wp\/v2\/categories?post=419"},{"taxonomy":"post_tag","embeddable":true,"href":"https:\/\/juliettecharpentier.fr\/gertrudes\/wp-json\/wp\/v2\/tags?post=419"}],"curies":[{"name":"wp","href":"https:\/\/api.w.org\/{rel}","templated":true}]}}