{"id":4249,"date":"2025-01-07T14:15:09","date_gmt":"2025-01-07T13:15:09","guid":{"rendered":"https:\/\/juliettecharpentier.fr\/gertrudes\/?p=4249"},"modified":"2025-01-07T14:31:10","modified_gmt":"2025-01-07T13:31:10","slug":"gertrude-dedicace-a-la-merciere-ambulante","status":"publish","type":"post","link":"https:\/\/juliettecharpentier.fr\/gertrudes\/gertrude-dedicace-a-la-merciere-ambulante\/","title":{"rendered":"Gertrude d\u00e9dicace \u00e0 la Merci\u00e8re Ambulante."},"content":{"rendered":"\n<p>\u00a0<\/p>\n<p><span style=\"font-family: arial black, sans-serif; font-size: 18pt;\">La Cr\u00e2neuse inaugure une nouvelle cat\u00e9gorie d&rsquo;articles qui paraitront sur des dates invit\u00e9es (autres que les trois du mois): \u00ab\u00a0Gertrude d\u00e9dicace \u00e0 &#8230;\u00a0\u00bb<\/span><\/p>\n<p><span style=\"font-family: arial black, sans-serif; font-size: 18pt;\">Aujourd&rsquo;hui d\u00e9dicace \u00e0 <a href=\"https:\/\/mercerieambulante.typepad.com\/mercerieambulante\/\"><em>mfd<\/em><\/a>, <em>La Merci\u00e8re Ambulante<\/em> dont le <em><span style=\"color: #ff0000;\">Fil Rouge<\/span><\/em> va o\u00f9 il veut, ou plut\u00f4t va o\u00f9 elle veut, ou plut\u00f4t lui va si bien.<\/span><\/p>\n<p><span style=\"font-family: arial black, sans-serif; font-size: 18pt;\">Retour sur le Jeu de la V\u00e9rit\u00e9 N\u00b0 5 (septembre 2010). <br \/><\/span><\/p>\n<p><iframe loading=\"lazy\" title=\"Jeu de la ve\u0301rite\u0301 N\u00b05\" width=\"840\" height=\"473\" src=\"https:\/\/www.youtube.com\/embed\/yrRVP37yZvw?feature=oembed\" frameborder=\"0\" allow=\"accelerometer; autoplay; clipboard-write; encrypted-media; gyroscope; picture-in-picture; web-share\" referrerpolicy=\"strict-origin-when-cross-origin\" allowfullscreen><\/iframe><\/p>\n<p><span style=\"font-family: arial black, sans-serif; font-size: 18pt;\">Suivez le Fil et bon visionnage!<\/span><\/p>\n","protected":false},"excerpt":{"rendered":"<p>\u00a0 La Cr\u00e2neuse inaugure une nouvelle cat\u00e9gorie d&rsquo;articles qui paraitront sur des dates invit\u00e9es (autres que les trois du mois): \u00ab\u00a0Gertrude d\u00e9dicace \u00e0 &#8230;\u00a0\u00bb Aujourd&rsquo;hui d\u00e9dicace \u00e0 mfd, La Merci\u00e8re Ambulante dont le Fil Rouge va o\u00f9 il veut, ou plut\u00f4t va o\u00f9 elle veut, ou plut\u00f4t lui va si bien. Retour sur le Jeu &hellip; <a href=\"https:\/\/juliettecharpentier.fr\/gertrudes\/gertrude-dedicace-a-la-merciere-ambulante\/\" class=\"more-link\">Continuer la lecture<span class=\"screen-reader-text\"> de &laquo;&nbsp;Gertrude d\u00e9dicace \u00e0 la Merci\u00e8re Ambulante.&nbsp;&raquo;<\/span><\/a><\/p>\n","protected":false},"author":1,"featured_media":0,"comment_status":"open","ping_status":"open","sticky":false,"template":"","format":"standard","meta":{"footnotes":""},"categories":[205,195,210,192,111,2,118],"tags":[],"class_list":["post-4249","post","type-post","status-publish","format-standard","hentry","category-a-effet-immediat","category-champs-magnetiques","category-gertrude-dedicace-a","category-hommage","category-les-hommages-de-gertrude","category-les-performances-de-gertrude","category-recyclage"],"post_mailing_queue_ids":[],"_links":{"self":[{"href":"https:\/\/juliettecharpentier.fr\/gertrudes\/wp-json\/wp\/v2\/posts\/4249","targetHints":{"allow":["GET"]}}],"collection":[{"href":"https:\/\/juliettecharpentier.fr\/gertrudes\/wp-json\/wp\/v2\/posts"}],"about":[{"href":"https:\/\/juliettecharpentier.fr\/gertrudes\/wp-json\/wp\/v2\/types\/post"}],"author":[{"embeddable":true,"href":"https:\/\/juliettecharpentier.fr\/gertrudes\/wp-json\/wp\/v2\/users\/1"}],"replies":[{"embeddable":true,"href":"https:\/\/juliettecharpentier.fr\/gertrudes\/wp-json\/wp\/v2\/comments?post=4249"}],"version-history":[{"count":4,"href":"https:\/\/juliettecharpentier.fr\/gertrudes\/wp-json\/wp\/v2\/posts\/4249\/revisions"}],"predecessor-version":[{"id":4253,"href":"https:\/\/juliettecharpentier.fr\/gertrudes\/wp-json\/wp\/v2\/posts\/4249\/revisions\/4253"}],"wp:attachment":[{"href":"https:\/\/juliettecharpentier.fr\/gertrudes\/wp-json\/wp\/v2\/media?parent=4249"}],"wp:term":[{"taxonomy":"category","embeddable":true,"href":"https:\/\/juliettecharpentier.fr\/gertrudes\/wp-json\/wp\/v2\/categories?post=4249"},{"taxonomy":"post_tag","embeddable":true,"href":"https:\/\/juliettecharpentier.fr\/gertrudes\/wp-json\/wp\/v2\/tags?post=4249"}],"curies":[{"name":"wp","href":"https:\/\/api.w.org\/{rel}","templated":true}]}}