{"id":4414,"date":"2025-09-03T00:00:00","date_gmt":"2025-09-02T22:00:00","guid":{"rendered":"https:\/\/juliettecharpentier.fr\/gertrudes\/?p=4414"},"modified":"2025-08-28T14:40:02","modified_gmt":"2025-08-28T12:40:02","slug":"gertrude-en-vacances","status":"publish","type":"post","link":"https:\/\/juliettecharpentier.fr\/gertrudes\/gertrude-en-vacances\/","title":{"rendered":"Gertrude en vacances."},"content":{"rendered":"\n<p style=\"text-align: center;\">\u00a0<\/p>\n<p style=\"text-align: center;\"><span style=\"font-family: arial black, sans-serif; font-size: 18pt;\">Le cr\u00e2ne au soleil<\/span><br \/><span style=\"font-family: arial black, sans-serif; font-size: 18pt;\">L&rsquo;os dans le sable<\/span><br \/><span style=\"font-family: arial black, sans-serif; font-size: 18pt;\">Gertrude est toujours<\/span><br \/><span style=\"font-family: arial black, sans-serif; font-size: 18pt;\">virtuelle si virtuelle<\/span><\/p>\n<p style=\"text-align: center;\"><span style=\"font-family: arial black, sans-serif; font-size: 18pt;\"><a href=\"https:\/\/juliettecharpentier.fr\/gertrudes\/wp-content\/uploads\/2025\/08\/IMG_3348-scaled.jpg\"><img loading=\"lazy\" decoding=\"async\" class=\"aligncenter size-full wp-image-4415\" src=\"https:\/\/juliettecharpentier.fr\/gertrudes\/wp-content\/uploads\/2025\/08\/IMG_3348-scaled.jpg\" alt=\"\" width=\"1920\" height=\"2560\" srcset=\"https:\/\/juliettecharpentier.fr\/gertrudes\/wp-content\/uploads\/2025\/08\/IMG_3348-scaled.jpg 1920w, https:\/\/juliettecharpentier.fr\/gertrudes\/wp-content\/uploads\/2025\/08\/IMG_3348-225x300.jpg 225w, https:\/\/juliettecharpentier.fr\/gertrudes\/wp-content\/uploads\/2025\/08\/IMG_3348-768x1024.jpg 768w, https:\/\/juliettecharpentier.fr\/gertrudes\/wp-content\/uploads\/2025\/08\/IMG_3348-1152x1536.jpg 1152w, https:\/\/juliettecharpentier.fr\/gertrudes\/wp-content\/uploads\/2025\/08\/IMG_3348-1536x2048.jpg 1536w, https:\/\/juliettecharpentier.fr\/gertrudes\/wp-content\/uploads\/2025\/08\/IMG_3348-1200x1600.jpg 1200w\" sizes=\"auto, (max-width: 709px) 85vw, (max-width: 909px) 67vw, (max-width: 1362px) 62vw, 840px\" \/><\/a><\/span><\/p>\n<p style=\"text-align: right;\"><strong><span style=\"font-family: times new roman, times, serif; font-size: 8pt;\">JC, aout 2025, Gertrude en vacances, mise en sc\u00e8ne photographique comprenant un ordinateur portable avec l&rsquo;affichage d&rsquo;une photographie de plage tropicale, un bocal de la marque \u00ab\u00a0Le parfait\u00a0\u00bb contenant du sable du Bassin d&rsquo;Arcachon, une photographie num\u00e9rique d\u00e9coup\u00e9e du cr\u00e2ne Gertrude, un coquillage tropicalde la collection de JC.<br \/><\/span><\/strong><\/p>\n<p style=\"text-align: center;\"><span style=\"font-family: arial black, sans-serif; font-size: 18pt;\">Cela fait exactement dix-sept ans et huit mois <\/span><span style=\"font-family: arial black, sans-serif; font-size: 18pt;\">que Gertrude conserve ses vacuit\u00e9s.<\/span><br \/><span style=\"font-family: arial black, sans-serif; font-size: 18pt;\">PARFAITEMENT!<\/span><\/p>\n","protected":false},"excerpt":{"rendered":"<p>\u00a0 Le cr\u00e2ne au soleilL&rsquo;os dans le sableGertrude est toujoursvirtuelle si virtuelle JC, aout 2025, Gertrude en vacances, mise en sc\u00e8ne photographique comprenant un ordinateur portable avec l&rsquo;affichage d&rsquo;une photographie de plage tropicale, un bocal de la marque \u00ab\u00a0Le parfait\u00a0\u00bb contenant du sable du Bassin d&rsquo;Arcachon, une photographie num\u00e9rique d\u00e9coup\u00e9e du cr\u00e2ne Gertrude, un coquillage &hellip; <a href=\"https:\/\/juliettecharpentier.fr\/gertrudes\/gertrude-en-vacances\/\" class=\"more-link\">Continuer la lecture<span class=\"screen-reader-text\"> de &laquo;&nbsp;Gertrude en vacances.&nbsp;&raquo;<\/span><\/a><\/p>\n","protected":false},"author":1,"featured_media":0,"comment_status":"open","ping_status":"open","sticky":false,"template":"","format":"standard","meta":{"footnotes":""},"categories":[205,196,147,126,131,125,174],"tags":[],"class_list":["post-4414","post","type-post","status-publish","format-standard","hentry","category-a-effet-immediat","category-black-out-chez-une-autruche","category-gertrude-est-dans-le-coma","category-gertrude-prend-le-large","category-les-vacances-du-capitaine","category-pause-gertrude","category-rose-en-vacances"],"post_mailing_queue_ids":[],"_links":{"self":[{"href":"https:\/\/juliettecharpentier.fr\/gertrudes\/wp-json\/wp\/v2\/posts\/4414","targetHints":{"allow":["GET"]}}],"collection":[{"href":"https:\/\/juliettecharpentier.fr\/gertrudes\/wp-json\/wp\/v2\/posts"}],"about":[{"href":"https:\/\/juliettecharpentier.fr\/gertrudes\/wp-json\/wp\/v2\/types\/post"}],"author":[{"embeddable":true,"href":"https:\/\/juliettecharpentier.fr\/gertrudes\/wp-json\/wp\/v2\/users\/1"}],"replies":[{"embeddable":true,"href":"https:\/\/juliettecharpentier.fr\/gertrudes\/wp-json\/wp\/v2\/comments?post=4414"}],"version-history":[{"count":3,"href":"https:\/\/juliettecharpentier.fr\/gertrudes\/wp-json\/wp\/v2\/posts\/4414\/revisions"}],"predecessor-version":[{"id":4419,"href":"https:\/\/juliettecharpentier.fr\/gertrudes\/wp-json\/wp\/v2\/posts\/4414\/revisions\/4419"}],"wp:attachment":[{"href":"https:\/\/juliettecharpentier.fr\/gertrudes\/wp-json\/wp\/v2\/media?parent=4414"}],"wp:term":[{"taxonomy":"category","embeddable":true,"href":"https:\/\/juliettecharpentier.fr\/gertrudes\/wp-json\/wp\/v2\/categories?post=4414"},{"taxonomy":"post_tag","embeddable":true,"href":"https:\/\/juliettecharpentier.fr\/gertrudes\/wp-json\/wp\/v2\/tags?post=4414"}],"curies":[{"name":"wp","href":"https:\/\/api.w.org\/{rel}","templated":true}]}}