{"id":463,"date":"2008-10-04T08:45:02","date_gmt":"2008-10-04T06:45:02","guid":{"rendered":"http:\/\/juliettecharpentier.fr\/gertrudes\/2008\/10\/04\/epithaphe-a108949200\/"},"modified":"2008-10-04T08:45:02","modified_gmt":"2008-10-04T06:45:02","slug":"epithaphe-a108949200","status":"publish","type":"post","link":"https:\/\/juliettecharpentier.fr\/gertrudes\/epithaphe-a108949200\/","title":{"rendered":"Epithaphe."},"content":{"rendered":"<p>   <span style=\"color: #0000ff;\"><br \/><\/span>   <\/p>\n<div style=\"text-align: center;\">     <span style=\"color: #0000ff;\"><span style=\"font-family: arial black,avant garde;\"><span style=\"font-size: 14pt;\">Ce fut une bien belle Conversation.<\/span><br \/>     <span style=\"font-size: 14pt;\">Bonjour, Monsieur Garone.<\/span><br \/>     <span style=\"font-size: 14pt;\"><a href=\"http:\/\/renatogarone.over-blog.fr\">renatogarone.over-blog.fr<\/a><\/p>\n<p><\/span><\/span><\/span>   <\/div>\n<p> <img loading=\"lazy\" decoding=\"async\" src=\"https:\/\/juliettecharpentier.fr\/gertrudes\/wp-content\/uploads\/2016\/04\/rntOIedWS0iRwVIfE4jmDDXL4bk@599x302.jpg\" style=\"margin:3px auto; display:block; clear:both;\" height=\"302\" width=\"599\" alt=\"\"\/> <br \/>   <em><span style=\"font-family: times new roman,times;\"><strong>\u00d4 poulpe, au regard de soie! Toi, dont l&rsquo;\u00e2me est ins\u00e9parable de la mienne; toi, le plus beau des habitants du globe terrestre, et qui   commandes \u00e0 un s\u00e9rail de quatre cents ventouses; toi, en qui si\u00e8gent noblement, comme dans leur r\u00e9sidence naturelle, par un commun accord, d&rsquo;un lien indestructible, la douce vertu communicative et   les gr\u00e2ces divines, pourquoi n&rsquo;es-tu pas avec moi, ton ventre de mercure contre ma poitrine d&rsquo;aluminium, assis tous les deux sur quelque rocher du rivage, pour contempler ce spectacle que   j&rsquo;adore!<\/p>\n<p><\/strong><\/span><\/em>   <\/p>\n<div style=\"text-align: right;\">     <span style=\"font-family: times new roman,times;\"><strong>Isidore Ducasse, Comte de Lautr\u00e9amont,<\/strong><\/span> <em><span style=\"font-family: times new roman,times;\"><strong>Les chants de Maldoror, Chant     Premier.<br \/><\/strong><\/span><\/em>   <\/div>\n","protected":false},"excerpt":{"rendered":"<p>Ce fut une bien belle Conversation. Bonjour, Monsieur Garone. renatogarone.over-blog.fr \u00d4 poulpe, au regard de soie! Toi, dont l&rsquo;\u00e2me est ins\u00e9parable de la mienne; toi, le plus beau des habitants du globe terrestre, et qui commandes \u00e0 un s\u00e9rail de quatre cents ventouses; toi, en qui si\u00e8gent noblement, comme dans leur r\u00e9sidence naturelle, par un &hellip; <a href=\"https:\/\/juliettecharpentier.fr\/gertrudes\/epithaphe-a108949200\/\" class=\"more-link\">Continuer la lecture<span class=\"screen-reader-text\"> de &laquo;&nbsp;Epithaphe.&nbsp;&raquo;<\/span><\/a><\/p>\n","protected":false},"author":2,"featured_media":0,"comment_status":"open","ping_status":"open","sticky":false,"template":"","format":"standard","meta":{"footnotes":""},"categories":[153],"tags":[],"class_list":["post-463","post","type-post","status-publish","format-standard","hentry","category-les-hommages-de-la-rose"],"post_mailing_queue_ids":[],"_links":{"self":[{"href":"https:\/\/juliettecharpentier.fr\/gertrudes\/wp-json\/wp\/v2\/posts\/463","targetHints":{"allow":["GET"]}}],"collection":[{"href":"https:\/\/juliettecharpentier.fr\/gertrudes\/wp-json\/wp\/v2\/posts"}],"about":[{"href":"https:\/\/juliettecharpentier.fr\/gertrudes\/wp-json\/wp\/v2\/types\/post"}],"author":[{"embeddable":true,"href":"https:\/\/juliettecharpentier.fr\/gertrudes\/wp-json\/wp\/v2\/users\/2"}],"replies":[{"embeddable":true,"href":"https:\/\/juliettecharpentier.fr\/gertrudes\/wp-json\/wp\/v2\/comments?post=463"}],"version-history":[{"count":0,"href":"https:\/\/juliettecharpentier.fr\/gertrudes\/wp-json\/wp\/v2\/posts\/463\/revisions"}],"wp:attachment":[{"href":"https:\/\/juliettecharpentier.fr\/gertrudes\/wp-json\/wp\/v2\/media?parent=463"}],"wp:term":[{"taxonomy":"category","embeddable":true,"href":"https:\/\/juliettecharpentier.fr\/gertrudes\/wp-json\/wp\/v2\/categories?post=463"},{"taxonomy":"post_tag","embeddable":true,"href":"https:\/\/juliettecharpentier.fr\/gertrudes\/wp-json\/wp\/v2\/tags?post=463"}],"curies":[{"name":"wp","href":"https:\/\/api.w.org\/{rel}","templated":true}]}}