{"id":486,"date":"2009-10-03T00:01:01","date_gmt":"2009-10-02T22:01:01","guid":{"rendered":"http:\/\/juliettecharpentier.fr\/gertrudes\/2009\/10\/03\/gertrude-conte-a108949132\/"},"modified":"2009-10-03T00:01:01","modified_gmt":"2009-10-02T22:01:01","slug":"gertrude-conte-a108949132","status":"publish","type":"post","link":"https:\/\/juliettecharpentier.fr\/gertrudes\/gertrude-conte-a108949132\/","title":{"rendered":"Gertrude conte."},"content":{"rendered":"<div>     <\/p>\n<div style=\"text-align: center;\">       <span style=\"font-size: 24pt;\"><span style=\"font-family: arial black,avant garde;\"><span style=\"color: #ff00ff;\"><strong><br \/>       Gertrude au Bois Dormant<\/p>\n<p><\/strong><\/span><\/span><\/span>     <\/div>\n<p>      <img loading=\"lazy\" decoding=\"async\" src=\"https:\/\/juliettecharpentier.fr\/gertrudes\/wp-content\/uploads\/2016\/04\/dvY-VvPQUy3wGIbuZZ-l5hfaIi0@600x397.jpg\" style=\"margin:3px auto; display:block; clear:both;\" height=\"397\" width=\"600\" alt=\"\"\/> <\/p>\n<p>     <!--StartFragment-->     <\/p>\n<p style=\"text-align: left;\">       <span style=\"font-size: 14pt;\"><span style=\"color: #ff00ff;\"><span style=\"font-family: times new roman,times;\"><strong>Il \u00e9tait une fois une Princesse qui s\u2019appelait       Gertrude.<br \/><\/strong><\/span><\/span><\/span>     <\/p>\n<p style=\"text-align: left;\">       <span style=\"font-size: 14pt;\"><span style=\"color: #ff00ff;\"><span style=\"font-family: times new roman,times;\"><strong>Elle \u00e9tait tr\u00e8s belle, son os \u00e9tait dor\u00e9, sa structure \u00e9tait d\u00e9licate, ses       sutures cr\u00e2niennes \u00e9taient comme de la dentelle, ses orbites \u00e9taient douces comme le velours, ses dents avaient la couleur des \u00e9maux anciens. Elle habitait un magnifique Ch\u00e2teau dans les       quartiers p\u00e9riph\u00e9riques de la Capitale, dont les pi\u00e8ces monumentales \u00e9taient d\u00e9cor\u00e9es des plus fantastiques bricolages, de riches broderies et d\u2019images pieuses. La Princesse Gertrude avait,       rien que pour elle, une \u00e9tag\u00e8re de bois dormant, dans laquelle, malheureusement, elle \u00e9tait consign\u00e9e depuis tr\u00e8s longtemps par la force d\u2019un sortil\u00e8ge pseudo-artistique qui l\u2019emp\u00eachait de       vivre une existence de princesse cr\u00e2nique normale. Malgr\u00e9 sa modestie naturelle, la Princesse se voyait oblig\u00e9e de jouer les Vanit\u00e9s poussi\u00e9reuses dans de louches mises en sc\u00e8ne qu\u2019elle       trouvait parfois humiliantes. Aussi, elle caressait le secret espoir de voir arriver un Prince Charmant susceptible de la d\u00e9livrer de ces mal\u00e9fices et de l\u2019amener reposer \u00e0 ses c\u00f4t\u00e9s dans une       s\u00e9pulture d\u00e9cente.<\/strong><\/span><\/span><\/span>     <\/p>\n<p style=\"text-align: left;\">       <span style=\"color: #ff00ff;\"><span style=\"font-family: times new roman,times;\"><span style=\"font-size: 14pt;\"><strong>Mais elle essayait de ne pas se faire trop d\u2019illusion sur la beaut\u00e9 de ce futur       qu\u2019elle ne pouvait pr\u00e9voir qu\u2019\u00e0 l\u2019aune du contexte dans lequel elle se trouvait et de l\u2019\u00e9tag\u00e8re de son d\u00e9sespoir\u2026<\/strong><\/span><\/span><\/span>     <\/p>\n<p style=\"text-align: left;\">       &nbsp;     <\/p>\n<p style=\"text-align: center;\">       <span style=\"color: #ff00ff;\"><span style=\"font-family: times new roman,times;\"><span style=\"font-size: 24pt;\"><br \/><\/span><\/span><\/span>     <\/p>\n<p style=\"text-align: center;\">       <span style=\"color: #ff00ff;\"><span style=\"font-size: 24pt;\"><span style=\"font-family: arial black,avant garde;\"><strong>G<\/strong>ertrude conte<br \/><\/span><\/span><\/span>     <\/p>\n<p style=\"text-align: center;\">       <span style=\"color: #ff00ff;\"><span style=\"font-size: 24pt;\"><span style=\"font-family: arial black,avant garde;\">derri\u00e8re son \u00e9cran de verre<br \/><\/span><\/span><\/span>     <\/p>\n<p style=\"text-align: center;\">       <span style=\"color: #ff00ff;\"><span style=\"font-size: 24pt;\"><span style=\"font-family: arial black,avant garde;\">depuis vingt et un mois.<\/span><\/span><\/span>     <\/p>\n<div style=\"text-align: left;\">       <!--EndFragment--><\/p>\n<p>     <\/div>\n<\/p><\/div>\n<p>&lt;script type=\u00a0\u00bbtext\/javascript\u00a0\u00bb&gt; \/\/ &lt;![CDATA[ var gaJsHost = ((\u00ab\u00a0https:\u00a0\u00bb == document.location.protocol) ? \u00ab\u00a0https:\/\/ssl.\u00a0\u00bb : \u00ab\u00a0http:\/\/www.\u00a0\u00bb); document.write(unescape(\u00ab\u00a0%3Cscript src='\u00a0\u00bb + gaJsHost + \u00ab\u00a0google-analytics.com\/ga.js&rsquo; type=&rsquo;text\/javascript&rsquo;%3E%3C\/script%3E\u00a0\u00bb)); \/\/]]&gt; &lt;\/script&gt;&lt;script type=\u00a0\u00bbtext\/javascript\u00a0\u00bb&gt; \/\/ &lt;![CDATA[ try { var pageTracker = _gat._getTracker(\u00ab\u00a0UA-6900860-2\u00a0\u00bb); pageTracker._trackPageview(); } catch(err) {} \/\/]]&gt; &lt;\/script&gt;    <link rel=\"File-List\" href=\"file:\/\/\/Users\/didiervermandel\/Library\/Preferences\/Microsoft\/Presse-papiers\/msoclip1\/01\/clip_clip_filelist.xml\"><\/link>\n","protected":false},"excerpt":{"rendered":"<p>Gertrude au Bois Dormant Il \u00e9tait une fois une Princesse qui s\u2019appelait Gertrude. Elle \u00e9tait tr\u00e8s belle, son os \u00e9tait dor\u00e9, sa structure \u00e9tait d\u00e9licate, ses sutures cr\u00e2niennes \u00e9taient comme de la dentelle, ses orbites \u00e9taient douces comme le velours, ses dents avaient la couleur des \u00e9maux anciens. Elle habitait un magnifique Ch\u00e2teau dans les &hellip; <a href=\"https:\/\/juliettecharpentier.fr\/gertrudes\/gertrude-conte-a108949132\/\" class=\"more-link\">Continuer la lecture<span class=\"screen-reader-text\"> de &laquo;&nbsp;Gertrude conte.&nbsp;&raquo;<\/span><\/a><\/p>\n","protected":false},"author":2,"featured_media":0,"comment_status":"open","ping_status":"open","sticky":false,"template":"","format":"standard","meta":{"footnotes":""},"categories":[177],"tags":[],"class_list":["post-486","post","type-post","status-publish","format-standard","hentry","category-les-portraits-roses-plutot-louches"],"post_mailing_queue_ids":[],"_links":{"self":[{"href":"https:\/\/juliettecharpentier.fr\/gertrudes\/wp-json\/wp\/v2\/posts\/486","targetHints":{"allow":["GET"]}}],"collection":[{"href":"https:\/\/juliettecharpentier.fr\/gertrudes\/wp-json\/wp\/v2\/posts"}],"about":[{"href":"https:\/\/juliettecharpentier.fr\/gertrudes\/wp-json\/wp\/v2\/types\/post"}],"author":[{"embeddable":true,"href":"https:\/\/juliettecharpentier.fr\/gertrudes\/wp-json\/wp\/v2\/users\/2"}],"replies":[{"embeddable":true,"href":"https:\/\/juliettecharpentier.fr\/gertrudes\/wp-json\/wp\/v2\/comments?post=486"}],"version-history":[{"count":0,"href":"https:\/\/juliettecharpentier.fr\/gertrudes\/wp-json\/wp\/v2\/posts\/486\/revisions"}],"wp:attachment":[{"href":"https:\/\/juliettecharpentier.fr\/gertrudes\/wp-json\/wp\/v2\/media?parent=486"}],"wp:term":[{"taxonomy":"category","embeddable":true,"href":"https:\/\/juliettecharpentier.fr\/gertrudes\/wp-json\/wp\/v2\/categories?post=486"},{"taxonomy":"post_tag","embeddable":true,"href":"https:\/\/juliettecharpentier.fr\/gertrudes\/wp-json\/wp\/v2\/tags?post=486"}],"curies":[{"name":"wp","href":"https:\/\/api.w.org\/{rel}","templated":true}]}}