{"id":513,"date":"2008-10-23T00:01:01","date_gmt":"2008-10-22T22:01:01","guid":{"rendered":"http:\/\/juliettecharpentier.fr\/gertrudes\/2008\/10\/23\/gre-des-flots-a108949152\/"},"modified":"2008-10-23T00:01:01","modified_gmt":"2008-10-22T22:01:01","slug":"gre-des-flots-a108949152","status":"publish","type":"post","link":"https:\/\/juliettecharpentier.fr\/gertrudes\/gre-des-flots-a108949152\/","title":{"rendered":"Gr\u00e9 des Flots."},"content":{"rendered":"<div style=\"text-align: center;\">     <span style=\"font-size: 36pt;\"><strong><span style=\"font-family: arial black,avant garde;\"><span style=\"color: #ff00ff;\"><br \/>     Coquille Impassible<\/p>\n<p><\/span><\/span><\/strong><\/span>   <\/div>\n<p>   <\/p>\n<div style=\"text-align: right;\">      <img loading=\"lazy\" decoding=\"async\" src=\"https:\/\/juliettecharpentier.fr\/gertrudes\/wp-content\/uploads\/2016\/04\/mp-DEikxWInxU0EHQXhBQx7gBeM@599x398.jpg\" style=\"margin:3px auto; display:block; clear:both;\" height=\"398\" width=\"599\" alt=\"\"\/> <span style=\"font-family: times new roman,times;\"><strong><span style=\"font-size: 8pt;\"><em>JC,     Sans titre,<\/em> huile sur papier, 11 x 17 cm, 2003.<\/span><\/strong><\/span>   <\/div>\n<div style=\"text-align: left;\">     <span style=\"font-size: 18pt;\"><em><strong><span style=\"font-family: times new roman,times;\"><br \/>     Et d\u00e8s lors, je me suis baign\u00e9 dans le Po\u00e8me<\/span><\/strong><\/em><\/span><br \/>     <span style=\"font-size: 18pt;\"><em><strong><span style=\"font-family: times new roman,times;\">De la Mer, infus\u00e9 d&rsquo;astres, et lactescent,<\/span><\/strong><\/em><\/span><br \/>     <span style=\"font-size: 18pt;\"><em><strong><span style=\"font-family: times new roman,times;\">D\u00e9vorant les azurs verts; o\u00f9, flottaison bl\u00eame<\/span><\/strong><\/em><\/span><br \/>     <span style=\"font-size: 18pt;\"><em><strong><span style=\"font-family: times new roman,times;\">Et ravie, un noy\u00e9 pensif parfois descend;<\/p>\n<p><\/span><\/strong><\/em><\/span>     <\/p>\n<div style=\"text-align: right;\">       <span style=\"font-size: 18pt;\"><strong><span style=\"font-family: times new roman,times;\"><span style=\"font-size: 12pt;\">Arthur Rimbaud,<\/span><\/span><\/strong> <em><strong><span style=\"font-family: times new roman,times;\"><span style=\"font-size: 12pt;\">Le Bateau ivre<\/p>\n<p><\/span><\/span><\/strong><\/em><\/span>     <\/div>\n<\/p><\/div>\n","protected":false},"excerpt":{"rendered":"<p>Coquille Impassible JC, Sans titre, huile sur papier, 11 x 17 cm, 2003. Et d\u00e8s lors, je me suis baign\u00e9 dans le Po\u00e8me De la Mer, infus\u00e9 d&rsquo;astres, et lactescent, D\u00e9vorant les azurs verts; o\u00f9, flottaison bl\u00eame Et ravie, un noy\u00e9 pensif parfois descend; Arthur Rimbaud, Le Bateau ivre<\/p>\n","protected":false},"author":2,"featured_media":0,"comment_status":"open","ping_status":"open","sticky":false,"template":"","format":"standard","meta":{"footnotes":""},"categories":[173],"tags":[],"class_list":["post-513","post","type-post","status-publish","format-standard","hentry","category-l-ame-bleue-de-la-rose"],"post_mailing_queue_ids":[],"_links":{"self":[{"href":"https:\/\/juliettecharpentier.fr\/gertrudes\/wp-json\/wp\/v2\/posts\/513","targetHints":{"allow":["GET"]}}],"collection":[{"href":"https:\/\/juliettecharpentier.fr\/gertrudes\/wp-json\/wp\/v2\/posts"}],"about":[{"href":"https:\/\/juliettecharpentier.fr\/gertrudes\/wp-json\/wp\/v2\/types\/post"}],"author":[{"embeddable":true,"href":"https:\/\/juliettecharpentier.fr\/gertrudes\/wp-json\/wp\/v2\/users\/2"}],"replies":[{"embeddable":true,"href":"https:\/\/juliettecharpentier.fr\/gertrudes\/wp-json\/wp\/v2\/comments?post=513"}],"version-history":[{"count":0,"href":"https:\/\/juliettecharpentier.fr\/gertrudes\/wp-json\/wp\/v2\/posts\/513\/revisions"}],"wp:attachment":[{"href":"https:\/\/juliettecharpentier.fr\/gertrudes\/wp-json\/wp\/v2\/media?parent=513"}],"wp:term":[{"taxonomy":"category","embeddable":true,"href":"https:\/\/juliettecharpentier.fr\/gertrudes\/wp-json\/wp\/v2\/categories?post=513"},{"taxonomy":"post_tag","embeddable":true,"href":"https:\/\/juliettecharpentier.fr\/gertrudes\/wp-json\/wp\/v2\/tags?post=513"}],"curies":[{"name":"wp","href":"https:\/\/api.w.org\/{rel}","templated":true}]}}