{"id":52,"date":"2008-07-27T00:02:02","date_gmt":"2008-07-26T22:02:02","guid":{"rendered":"http:\/\/juliettecharpentier.fr\/gertrudes\/2008\/07\/27\/carte-postale-n-2-a108953540\/"},"modified":"2008-07-27T00:02:02","modified_gmt":"2008-07-26T22:02:02","slug":"carte-postale-n-2-a108953540","status":"publish","type":"post","link":"https:\/\/juliettecharpentier.fr\/gertrudes\/carte-postale-n-2-a108953540\/","title":{"rendered":"Carte postale n\u00b02."},"content":{"rendered":"<p><img loading=\"lazy\" decoding=\"async\" src=\"https:\/\/juliettecharpentier.fr\/gertrudes\/wp-content\/uploads\/2016\/04\/kuhcReCaBpu27-ExMcPNhaP9mdU@128x593.jpg\" style=\"margin:3px auto; display:block; clear:both;\" height=\"593\" width=\"128\" alt=\"\"\/>    <\/p>\n<div style=\"text-align: right;\">     <strong><span style=\"font-size: 8pt;\">JC<em>, La Libert\u00e9 \u00e9clairant la Seine, Pont de Grenelle<\/em>,<br \/>     Photographie noir et blanc, 1998,<br \/>     Appareil panoramique \u00e0 st\u00e9nop\u00e9,<br \/>     temps d&rsquo;exposition: 18s.<\/p>\n<p><\/span><\/strong>     <\/p>\n<div style=\"text-align: center;\">\n<div>\n<div>\n<div>             <strong><span style=\"font-size: 8pt;\"><br \/><\/span><\/strong>             <\/p>\n<div>               <strong><span style=\"font-size: 8pt;\"><object height=\"235\" width=\"289\" codebase=\"http:\/\/download.macromedia.com\/pub\/shockwave\/cabs\/flash\/swflash.cab#version=6,0,40,0\" classid=\"clsid:d27cdb6e-ae6d-11cf-96b8-444553540000\"><param name=\"allowScriptAccess\" value=\"never\"\/><param name=\"allowFullScreen\" value=\"true\"><param name=\"src\" value=\"http:\/\/www.youtube.com\/v\/sGyZKgKig6Q&amp;hl=en&amp;fs=1\"><embed type=\"application\/x-shockwave-flash\" width=\"289\" height=\"235\" src=\"http:\/\/www.youtube.com\/v\/sGyZKgKig6Q&amp;hl=en&amp;fs=1\" allowfullscreen=\"true\"><\/embed><\/param><\/param><\/object><\/span><\/strong>             <\/div>\n<\/p><\/div>\n<\/p><\/div>\n<\/p><\/div>\n<\/p><\/div>\n<p>   <\/div>\n","protected":false},"excerpt":{"rendered":"<p>JC, La Libert\u00e9 \u00e9clairant la Seine, Pont de Grenelle, Photographie noir et blanc, 1998, Appareil panoramique \u00e0 st\u00e9nop\u00e9, temps d&rsquo;exposition: 18s.<\/p>\n","protected":false},"author":1,"featured_media":0,"comment_status":"open","ping_status":"open","sticky":false,"template":"","format":"standard","meta":{"footnotes":""},"categories":[120],"tags":[],"class_list":["post-52","post","type-post","status-publish","format-standard","hentry","category-paris-mon-amour"],"post_mailing_queue_ids":[],"_links":{"self":[{"href":"https:\/\/juliettecharpentier.fr\/gertrudes\/wp-json\/wp\/v2\/posts\/52","targetHints":{"allow":["GET"]}}],"collection":[{"href":"https:\/\/juliettecharpentier.fr\/gertrudes\/wp-json\/wp\/v2\/posts"}],"about":[{"href":"https:\/\/juliettecharpentier.fr\/gertrudes\/wp-json\/wp\/v2\/types\/post"}],"author":[{"embeddable":true,"href":"https:\/\/juliettecharpentier.fr\/gertrudes\/wp-json\/wp\/v2\/users\/1"}],"replies":[{"embeddable":true,"href":"https:\/\/juliettecharpentier.fr\/gertrudes\/wp-json\/wp\/v2\/comments?post=52"}],"version-history":[{"count":0,"href":"https:\/\/juliettecharpentier.fr\/gertrudes\/wp-json\/wp\/v2\/posts\/52\/revisions"}],"wp:attachment":[{"href":"https:\/\/juliettecharpentier.fr\/gertrudes\/wp-json\/wp\/v2\/media?parent=52"}],"wp:term":[{"taxonomy":"category","embeddable":true,"href":"https:\/\/juliettecharpentier.fr\/gertrudes\/wp-json\/wp\/v2\/categories?post=52"},{"taxonomy":"post_tag","embeddable":true,"href":"https:\/\/juliettecharpentier.fr\/gertrudes\/wp-json\/wp\/v2\/tags?post=52"}],"curies":[{"name":"wp","href":"https:\/\/api.w.org\/{rel}","templated":true}]}}