{"id":538,"date":"2013-06-03T00:01:01","date_gmt":"2013-06-02T22:01:01","guid":{"rendered":"http:\/\/juliettecharpentier.fr\/gertrudes\/2013\/06\/03\/la-fete-a-la-marguerite-a108949424\/"},"modified":"2013-06-03T00:01:01","modified_gmt":"2013-06-02T22:01:01","slug":"la-fete-a-la-marguerite-a108949424","status":"publish","type":"post","link":"https:\/\/juliettecharpentier.fr\/gertrudes\/la-fete-a-la-marguerite-a108949424\/","title":{"rendered":"La f\u00eate \u00e0 la marguerite"},"content":{"rendered":"<p>     &nbsp;   <\/p>\n<p style=\"text-align: center;\">     <span style=\"font-family: arial black,avant garde; font-size: 18pt; color: #ff00ff;\">Planqu\u00e9e dans les fleurs,<\/span>   <\/p>\n<p style=\"text-align: center;\">     <span style=\"font-family: arial black,avant garde; font-size: 18pt; color: #ff00ff;\">Gertrude croise les os<\/span>   <\/p>\n<p style=\"text-align: center;\">     <span style=\"font-family: arial black,avant garde; font-size: 18pt; color: #ff00ff;\">pour le retour du printemps.<\/span>   <\/p>\n<p style=\"text-align: center;\">     <span style=\"font-family: arial black,avant garde; font-size: 18pt; color: #ff00ff;\">Cela fait cinq ans et cinq mois<\/span>   <\/p>\n<p style=\"text-align: center;\">     <span style=\"font-family: arial black,avant garde; font-size: 18pt; color: #ff00ff;\">que Gertrude<\/span>   <\/p>\n<p style=\"text-align: center;\">     <span style=\"font-family: arial black,avant garde; font-size: 18pt; color: #ff00ff;\">rythme les saisons de fil blanc<\/span>   <\/p>\n<p style=\"text-align: center;\">     <span style=\"font-family: arial black,avant garde; font-size: 18pt; color: #ff00ff;\">et de p\u00e9tales f\u00e2n\u00e9s.<\/span>   <\/p>\n<p style=\"text-align: center;\">     <span style=\"font-family: arial black,avant garde; font-size: 18pt;\"><br \/><\/span>   <\/p>\n<p>     <img loading=\"lazy\" decoding=\"async\" src=\"https:\/\/juliettecharpentier.fr\/gertrudes\/wp-content\/uploads\/2016\/04\/8KjE-JDtwcr17izowkz2nZXxNjI.jpg\" style=\"margin:3px auto; display:block; clear:both;\" alt=\"img_6220.jpg\" height=\"543\" width=\"600\">   <\/img><\/p>\n<p style=\"text-align: right;\">     <strong><span style=\"font-family: times new roman,times; font-size: 8pt;\">JC, avril 2013, <em>Pique-Gertrude n\u00b07<\/em> ,<\/span><\/strong>   <\/p>\n<p style=\"text-align: right;\">     <strong><span style=\"font-family: times new roman,times; font-size: 8pt;\">canevas, fil, satin, rembourrage synth\u00e9tique,<\/span><\/strong>   <\/p>\n<p style=\"text-align: right;\">     <strong><span style=\"font-family: times new roman,times; font-size: 8pt;\">3 x 7 x 7 cm.<\/span><\/strong>   <\/p>\n<p style=\"text-align: right;\">     &nbsp;   <\/p>\n<p style=\"text-align: right;\">     <strong><span style=\"font-family: times new roman,times; font-size: 8pt;\"><br \/><\/span><\/strong>   <\/p>\n<p style=\"text-align: center;\">     <span style=\"font-family: arial black,avant garde;\"><a href=\"http:\/\/gertrude.over-blog.org\/\">Gertrude<\/a> pense en pens\u00e9es,<\/span>   <\/p>\n<p style=\"text-align: center;\">     <span style=\"font-family: arial black,avant garde;\"><a href=\"http:\/\/gertrudenoire.over-blog.com\/\">Gertrude noire<\/a> se prend pour une rose.<\/span>   <\/p>\n<p style=\"text-align: center;\">     &nbsp;   <\/p>\n<p style=\"text-align: center;\">     &nbsp;   <\/p>\n<p style=\"text-align: center;\">     <span style=\"font-family: arial black,avant garde;\"><br \/><\/span>   <\/p>\n","protected":false},"excerpt":{"rendered":"<p>&nbsp; Planqu\u00e9e dans les fleurs, Gertrude croise les os pour le retour du printemps. Cela fait cinq ans et cinq mois que Gertrude rythme les saisons de fil blanc et de p\u00e9tales f\u00e2n\u00e9s. JC, avril 2013, Pique-Gertrude n\u00b07 , canevas, fil, satin, rembourrage synth\u00e9tique, 3 x 7 x 7 cm. &nbsp; Gertrude pense en pens\u00e9es, &hellip; <a href=\"https:\/\/juliettecharpentier.fr\/gertrudes\/la-fete-a-la-marguerite-a108949424\/\" class=\"more-link\">Continuer la lecture<span class=\"screen-reader-text\"> de &laquo;&nbsp;La f\u00eate \u00e0 la marguerite&nbsp;&raquo;<\/span><\/a><\/p>\n","protected":false},"author":2,"featured_media":0,"comment_status":"open","ping_status":"open","sticky":false,"template":"","format":"standard","meta":{"footnotes":""},"categories":[172],"tags":[],"class_list":["post-538","post","type-post","status-publish","format-standard","hentry","category-les-ouvrages-de-la-rose"],"post_mailing_queue_ids":[],"_links":{"self":[{"href":"https:\/\/juliettecharpentier.fr\/gertrudes\/wp-json\/wp\/v2\/posts\/538","targetHints":{"allow":["GET"]}}],"collection":[{"href":"https:\/\/juliettecharpentier.fr\/gertrudes\/wp-json\/wp\/v2\/posts"}],"about":[{"href":"https:\/\/juliettecharpentier.fr\/gertrudes\/wp-json\/wp\/v2\/types\/post"}],"author":[{"embeddable":true,"href":"https:\/\/juliettecharpentier.fr\/gertrudes\/wp-json\/wp\/v2\/users\/2"}],"replies":[{"embeddable":true,"href":"https:\/\/juliettecharpentier.fr\/gertrudes\/wp-json\/wp\/v2\/comments?post=538"}],"version-history":[{"count":0,"href":"https:\/\/juliettecharpentier.fr\/gertrudes\/wp-json\/wp\/v2\/posts\/538\/revisions"}],"wp:attachment":[{"href":"https:\/\/juliettecharpentier.fr\/gertrudes\/wp-json\/wp\/v2\/media?parent=538"}],"wp:term":[{"taxonomy":"category","embeddable":true,"href":"https:\/\/juliettecharpentier.fr\/gertrudes\/wp-json\/wp\/v2\/categories?post=538"},{"taxonomy":"post_tag","embeddable":true,"href":"https:\/\/juliettecharpentier.fr\/gertrudes\/wp-json\/wp\/v2\/tags?post=538"}],"curies":[{"name":"wp","href":"https:\/\/api.w.org\/{rel}","templated":true}]}}