{"id":548,"date":"2011-02-03T00:01:01","date_gmt":"2011-02-02T23:01:01","guid":{"rendered":"http:\/\/juliettecharpentier.fr\/gertrudes\/2011\/02\/03\/le-cochon-celibataire-mis-a-nu-par-les-meme-pas-a108949000\/"},"modified":"2011-02-03T00:01:01","modified_gmt":"2011-02-02T23:01:01","slug":"le-cochon-celibataire-mis-a-nu-par-les-meme-pas-a108949000","status":"publish","type":"post","link":"https:\/\/juliettecharpentier.fr\/gertrudes\/le-cochon-celibataire-mis-a-nu-par-les-meme-pas-a108949000\/","title":{"rendered":"Le cochon c\u00e9libataire mis \u00e0 nu par les &#8230; m\u00eame pas"},"content":{"rendered":"<p>     &nbsp;   <\/p>\n<p>     &nbsp;   <\/p>\n<p>     &nbsp;   <\/p>\n<p>     &nbsp;   <\/p>\n<p>     &nbsp;   <\/p>\n<p style=\"text-align: center;\">     <span style=\"font-family: arial black,avant garde; font-size: 24pt; color: #ff00ff;\">Si un jour vous avez cru voir double, c&rsquo;\u00e9tait une illusion.<\/span>   <\/p>\n<p style=\"text-align: center;\">     <span style=\"font-family: arial black,avant garde; font-size: 24pt; color: #ff00ff;\">Pourtant, il n&rsquo;y a pas de quoi pondre un <em>Grand Verre<\/em> avec un ressort en bois, ni casser trois pattes     \u00e0 un cochon.<\/span>   <\/p>\n<p style=\"text-align: center;\">     &nbsp;   <\/p>\n<p style=\"text-align: center;\">     <span style=\"font-family: arial black,avant garde; font-size: 24pt; color: #ff00ff;\"><br \/><\/span>   <\/p>\n<p style=\"text-align: center;\">     &nbsp;   <\/p>\n<p>     <img loading=\"lazy\" decoding=\"async\" src=\"https:\/\/juliettecharpentier.fr\/gertrudes\/wp-content\/uploads\/2016\/04\/FR2IecHvVDWarwQKtGjxOKSBqg8.jpg\" style=\"margin:3px auto; display:block; clear:both;\" alt=\"gertrude-2-1155.JPG\" height=\"489\" width=\"577\">   <\/img><\/p>\n<p>     &nbsp;   <\/p>\n<p>     &nbsp;   <\/p>\n<p>     &nbsp;   <\/p>\n<p style=\"text-align: center;\">     <span style=\"color: #ff00ff; font-size: 14pt;\"><em><strong><span style=\"font-family: times new roman,times;\">Cela fait exactement trois ans et un mois<\/span><\/strong><\/em><\/span>   <\/p>\n<p style=\"text-align: center;\">     <span style=\"color: #ff00ff; font-size: 14pt;\"><em><strong><span style=\"font-family: times new roman,times;\">que Gertrude fait des petites cochonneries sur la Toile.<\/span><\/strong><\/em><\/span>   <\/p>\n<p style=\"text-align: center;\">     &nbsp;   <\/p>\n<p style=\"text-align: center;\">     &nbsp;   <\/p>\n<p style=\"text-align: center;\">     &nbsp;   <\/p>\n<p style=\"text-align: center;\">     &nbsp;   <\/p>\n<p>&lt;script type=\u00a0\u00bbtext\/javascript\u00a0\u00bb&gt; \/\/ &lt;![CDATA[   var _gaq = _gaq || [];   _gaq.push([&lsquo;_setAccount&rsquo;, &lsquo;UA-6900860-2&rsquo;]);   _gaq.push([&lsquo;_trackPageview&rsquo;]);    (function() {     var ga = document.createElement(&lsquo;script&rsquo;); ga.type = &lsquo;text\/javascript&rsquo;; ga.async = true;     ga.src = (&lsquo;https:&rsquo; == document.location.protocol ? &lsquo;https:\/\/ssl&rsquo; : &lsquo;http:\/\/www&rsquo;) + &lsquo;.google-analytics.com\/ga.js&rsquo;;     var s = document.getElementsByTagName(&lsquo;script&rsquo;)[0]; s.parentNode.insertBefore(ga, s);   })(); \/\/]]&gt; &lt;\/script&gt;<\/p>\n","protected":false},"excerpt":{"rendered":"<p>&nbsp; &nbsp; &nbsp; &nbsp; &nbsp; Si un jour vous avez cru voir double, c&rsquo;\u00e9tait une illusion. Pourtant, il n&rsquo;y a pas de quoi pondre un Grand Verre avec un ressort en bois, ni casser trois pattes \u00e0 un cochon. &nbsp; &nbsp; &nbsp; &nbsp; &nbsp; Cela fait exactement trois ans et un mois que Gertrude fait &hellip; <a href=\"https:\/\/juliettecharpentier.fr\/gertrudes\/le-cochon-celibataire-mis-a-nu-par-les-meme-pas-a108949000\/\" class=\"more-link\">Continuer la lecture<span class=\"screen-reader-text\"> de &laquo;&nbsp;Le cochon c\u00e9libataire mis \u00e0 nu par les &#8230; m\u00eame pas&nbsp;&raquo;<\/span><\/a><\/p>\n","protected":false},"author":2,"featured_media":0,"comment_status":"open","ping_status":"open","sticky":false,"template":"","format":"standard","meta":{"footnotes":""},"categories":[150],"tags":[],"class_list":["post-548","post","type-post","status-publish","format-standard","hentry","category-histoire-de-cochons"],"post_mailing_queue_ids":[],"_links":{"self":[{"href":"https:\/\/juliettecharpentier.fr\/gertrudes\/wp-json\/wp\/v2\/posts\/548","targetHints":{"allow":["GET"]}}],"collection":[{"href":"https:\/\/juliettecharpentier.fr\/gertrudes\/wp-json\/wp\/v2\/posts"}],"about":[{"href":"https:\/\/juliettecharpentier.fr\/gertrudes\/wp-json\/wp\/v2\/types\/post"}],"author":[{"embeddable":true,"href":"https:\/\/juliettecharpentier.fr\/gertrudes\/wp-json\/wp\/v2\/users\/2"}],"replies":[{"embeddable":true,"href":"https:\/\/juliettecharpentier.fr\/gertrudes\/wp-json\/wp\/v2\/comments?post=548"}],"version-history":[{"count":0,"href":"https:\/\/juliettecharpentier.fr\/gertrudes\/wp-json\/wp\/v2\/posts\/548\/revisions"}],"wp:attachment":[{"href":"https:\/\/juliettecharpentier.fr\/gertrudes\/wp-json\/wp\/v2\/media?parent=548"}],"wp:term":[{"taxonomy":"category","embeddable":true,"href":"https:\/\/juliettecharpentier.fr\/gertrudes\/wp-json\/wp\/v2\/categories?post=548"},{"taxonomy":"post_tag","embeddable":true,"href":"https:\/\/juliettecharpentier.fr\/gertrudes\/wp-json\/wp\/v2\/tags?post=548"}],"curies":[{"name":"wp","href":"https:\/\/api.w.org\/{rel}","templated":true}]}}