{"id":556,"date":"2008-10-19T00:01:01","date_gmt":"2008-10-18T22:01:01","guid":{"rendered":"http:\/\/juliettecharpentier.fr\/gertrudes\/2008\/10\/19\/le-miel-de-gertrude-a108949038\/"},"modified":"2008-10-19T00:01:01","modified_gmt":"2008-10-18T22:01:01","slug":"le-miel-de-gertrude-a108949038","status":"publish","type":"post","link":"https:\/\/juliettecharpentier.fr\/gertrudes\/le-miel-de-gertrude-a108949038\/","title":{"rendered":"Le Miel de Gertrude."},"content":{"rendered":"<div style=\"text-align: center;\">     <span style=\"font-size: 24pt;\"><span style=\"font-family: arial black,avant garde;\"><br \/>     De l&rsquo;importance du<br \/>     Cycle Lunaire<br \/>     dans<br \/>     la Ruche Cr\u00e2nienne.<\/p>\n<p><\/span><\/span>   <\/div>\n<div style=\"text-align: right;\">      <img loading=\"lazy\" decoding=\"async\" src=\"https:\/\/juliettecharpentier.fr\/gertrudes\/wp-content\/uploads\/2016\/04\/uT0168d7ae58ykTQ0g2_QAEeAR8@599x275.jpg\" style=\"margin:3px auto; display:block; clear:both;\" height=\"275\" width=\"599\" alt=\"\"\/> <span style=\"font-size: 8pt;\"><span style=\"font-family: times new roman,times;\"><strong>JC, avril 2007, <em>Les 21 jours de Gertrude<\/em>, 6,5 cm x 16 cm, photographies d\u00e9coup\u00e9es, p\u00e2te \u00e0 cuire, flacons PVC.<\/p>\n<p><\/strong><\/span><\/span>   <\/div>\n","protected":false},"excerpt":{"rendered":"<p>De l&rsquo;importance du Cycle Lunaire dans la Ruche Cr\u00e2nienne. JC, avril 2007, Les 21 jours de Gertrude, 6,5 cm x 16 cm, photographies d\u00e9coup\u00e9es, p\u00e2te \u00e0 cuire, flacons PVC.<\/p>\n","protected":false},"author":2,"featured_media":0,"comment_status":"open","ping_status":"open","sticky":false,"template":"","format":"standard","meta":{"footnotes":""},"categories":[164],"tags":[],"class_list":["post-556","post","type-post","status-publish","format-standard","hentry","category-les-reliques-plutot-louches"],"post_mailing_queue_ids":[],"_links":{"self":[{"href":"https:\/\/juliettecharpentier.fr\/gertrudes\/wp-json\/wp\/v2\/posts\/556","targetHints":{"allow":["GET"]}}],"collection":[{"href":"https:\/\/juliettecharpentier.fr\/gertrudes\/wp-json\/wp\/v2\/posts"}],"about":[{"href":"https:\/\/juliettecharpentier.fr\/gertrudes\/wp-json\/wp\/v2\/types\/post"}],"author":[{"embeddable":true,"href":"https:\/\/juliettecharpentier.fr\/gertrudes\/wp-json\/wp\/v2\/users\/2"}],"replies":[{"embeddable":true,"href":"https:\/\/juliettecharpentier.fr\/gertrudes\/wp-json\/wp\/v2\/comments?post=556"}],"version-history":[{"count":0,"href":"https:\/\/juliettecharpentier.fr\/gertrudes\/wp-json\/wp\/v2\/posts\/556\/revisions"}],"wp:attachment":[{"href":"https:\/\/juliettecharpentier.fr\/gertrudes\/wp-json\/wp\/v2\/media?parent=556"}],"wp:term":[{"taxonomy":"category","embeddable":true,"href":"https:\/\/juliettecharpentier.fr\/gertrudes\/wp-json\/wp\/v2\/categories?post=556"},{"taxonomy":"post_tag","embeddable":true,"href":"https:\/\/juliettecharpentier.fr\/gertrudes\/wp-json\/wp\/v2\/tags?post=556"}],"curies":[{"name":"wp","href":"https:\/\/api.w.org\/{rel}","templated":true}]}}