{"id":558,"date":"2014-06-03T00:01:01","date_gmt":"2014-06-02T22:01:01","guid":{"rendered":"http:\/\/juliettecharpentier.fr\/gertrudes\/2014\/06\/03\/le-peche-a-la-moule-ensauvagee-ou-la-face-cretine-premiere-de-gertrude-a108948988\/"},"modified":"2014-06-03T00:01:01","modified_gmt":"2014-06-02T22:01:01","slug":"le-peche-a-la-moule-ensauvagee-ou-la-face-cretine-premiere-de-gertrude-a108948988","status":"publish","type":"post","link":"https:\/\/juliettecharpentier.fr\/gertrudes\/le-peche-a-la-moule-ensauvagee-ou-la-face-cretine-premiere-de-gertrude-a108948988\/","title":{"rendered":"Le p\u00e9ch\u00e9 \u00e0 la moule ensauvag\u00e9e ou la face cr\u00e9tine premi\u00e8re de Gertrude"},"content":{"rendered":"<p>     &nbsp;   <\/p>\n<p style=\"text-align: center;\">     <span style=\"font-family: arial black,avant garde; font-size: 18pt; color: #ff00ff;\">Masque cru si fixe<\/span>   <\/p>\n<p style=\"text-align: center;\">     <span style=\"font-family: arial black,avant garde; font-size: 18pt; color: #ff00ff;\">au vain gertrudis\u00e9<\/span>   <\/p>\n<p style=\"text-align: center;\">     <span style=\"font-family: arial black,avant garde; font-size: 18pt; color: #ff00ff;\">\u00e0 l\u2019os b\u00e9ni oui-oui<\/span>   <\/p>\n<p style=\"text-align: center;\">     <span style=\"font-family: arial black,avant garde; font-size: 18pt; color: #ff00ff;\">servi show<\/span>   <\/p>\n<p style=\"text-align: center;\">     <span style=\"font-family: arial black,avant garde; font-size: 18pt; color: #ff00ff;\">dans une moule cr\u00e9tine<\/span>   <\/p>\n<p style=\"text-align: center;\">     <span style=\"font-family: arial black,avant garde; font-size: 18pt; color: #ff00ff;\">\u00e0 la tra\u00e7abilit\u00e9 incertaine<\/span>   <\/p>\n<p style=\"text-align: center;\">     &nbsp;   <\/p>\n<p style=\"text-align: center;\">     <span style=\"font-family: arial black,avant garde; font-size: 18pt; color: #ff00ff;\"><br \/><\/span>   <\/p>\n<p style=\"text-align: center;\">     <span style=\"font-family: arial black,avant garde; font-size: 18pt; color: #ff00ff;\">Cela fait six ans et cinq mois<\/span>   <\/p>\n<p style=\"text-align: center;\">     <span style=\"font-family: arial black,avant garde; font-size: 18pt; color: #ff00ff;\">que Gertrude<\/span>   <\/p>\n<p style=\"text-align: center;\">     <span style=\"font-family: arial black,avant garde; font-size: 18pt; color: #ff00ff;\">s\u2019adonne en public<\/span>   <\/p>\n<p style=\"text-align: center;\">     <span style=\"font-family: arial black,avant garde; font-size: 18pt; color: #ff00ff;\">\u00e0 ses p\u00e9ch\u00e9s mignons<\/span>   <\/p>\n<p style=\"text-align: center;\">     <span style=\"font-size: 18pt; font-family: arial black,avant garde; color: #ff00ff;\">(et ce n\u2019est pas sans cons\u00e9quences\u2026)<\/span>   <\/p>\n<p style=\"text-align: center;\">     &nbsp;   <\/p>\n<p style=\"text-align: center;\">     <span style=\"font-size: 18pt; font-family: arial black,avant garde;\"><br \/><\/span>   <\/p>\n<p style=\"text-align: center;\">     &nbsp;   <\/p>\n<p>     <img loading=\"lazy\" decoding=\"async\" src=\"https:\/\/juliettecharpentier.fr\/gertrudes\/wp-content\/uploads\/2016\/04\/NUxZeorAEi6wk3I-Ut8s3zNuXNI.jpg\" style=\"margin:3px auto; display:block; clear:both;\" alt=\"P5290001.JPG\" height=\"450\" width=\"600\">   <\/img><\/p>\n<p style=\"text-align: right;\">     <strong><span style=\"font-family: times new roman,times; font-size: 8pt;\">JC, mai 2014, <em>Le p\u00e9ch\u00e9 \u00e0 la moule<\/em>,<\/span><\/strong>   <\/p>\n<p style=\"text-align: right;\">     <strong><span style=\"font-family: times new roman,times; font-size: 8pt;\">Crucifix en m\u00e9tal dor\u00e9 , petit b\u00e9nitier en nacre fix\u00e9s dans une valve de moule g\u00e9ante offert par un inconnu (ancien     \u00ab&nbsp;ami&nbsp;\u00bb d\u2019un c\u00e9l\u00e8bre r\u00e9seau social), le tout \u00ab&nbsp;gertrudis\u00e9&nbsp;\u00bb, recouvert de papier de soie tamponn\u00e9 au motif Gertrude, colle et peinture acrylique,<\/span><\/strong>   <\/p>\n<p style=\"text-align: right;\">     <strong><span style=\"font-family: times new roman,times; font-size: 8pt;\">17 x 11 x 3 cm.<\/span><\/strong>   <\/p>\n<p>     &nbsp;   <\/p>\n<p style=\"text-align: center;\">     <span style=\"font-family: arial black,avant garde; font-size: 14pt; color: #ff00ff;\">D\u00e9di\u00e9&nbsp;<\/span>   <\/p>\n<p style=\"text-align: center;\">     <span style=\"font-family: arial black,avant garde; font-size: 14pt; color: #ff00ff;\">\u00e0 <a href=\"http:\/\/www.anne-hecdoth.com\/\">J Croix<\/a>, aux <a href=\"http:\/\/mopopopo.canalblog.com\/\">p\u00e9cheurs de     moules<\/a> et \u00e0 tous les <a href=\"http:\/\/simplelocataire.blogspot.fr\/\">inconnus<\/a> adorateurs du grand Web<\/span>   <\/p>\n<p style=\"text-align: center;\">     &nbsp;   <\/p>\n<p style=\"text-align: center;\">     &nbsp;   <\/p>\n<p style=\"text-align: center;\">     <span style=\"font-family: arial black,avant garde; font-size: 14pt;\"><br \/><\/span>   <\/p>\n<p>     &nbsp;   <\/p>\n<p>     &nbsp;   <\/p>\n","protected":false},"excerpt":{"rendered":"<p>&nbsp; Masque cru si fixe au vain gertrudis\u00e9 \u00e0 l\u2019os b\u00e9ni oui-oui servi show dans une moule cr\u00e9tine \u00e0 la tra\u00e7abilit\u00e9 incertaine &nbsp; Cela fait six ans et cinq mois que Gertrude s\u2019adonne en public \u00e0 ses p\u00e9ch\u00e9s mignons (et ce n\u2019est pas sans cons\u00e9quences\u2026) &nbsp; &nbsp; JC, mai 2014, Le p\u00e9ch\u00e9 \u00e0 la moule, &hellip; <a href=\"https:\/\/juliettecharpentier.fr\/gertrudes\/le-peche-a-la-moule-ensauvagee-ou-la-face-cretine-premiere-de-gertrude-a108948988\/\" class=\"more-link\">Continuer la lecture<span class=\"screen-reader-text\"> de &laquo;&nbsp;Le p\u00e9ch\u00e9 \u00e0 la moule ensauvag\u00e9e ou la face cr\u00e9tine premi\u00e8re de Gertrude&nbsp;&raquo;<\/span><\/a><\/p>\n","protected":false},"author":2,"featured_media":0,"comment_status":"open","ping_status":"open","sticky":false,"template":"","format":"standard","meta":{"footnotes":""},"categories":[150],"tags":[],"class_list":["post-558","post","type-post","status-publish","format-standard","hentry","category-histoire-de-cochons"],"post_mailing_queue_ids":[],"_links":{"self":[{"href":"https:\/\/juliettecharpentier.fr\/gertrudes\/wp-json\/wp\/v2\/posts\/558","targetHints":{"allow":["GET"]}}],"collection":[{"href":"https:\/\/juliettecharpentier.fr\/gertrudes\/wp-json\/wp\/v2\/posts"}],"about":[{"href":"https:\/\/juliettecharpentier.fr\/gertrudes\/wp-json\/wp\/v2\/types\/post"}],"author":[{"embeddable":true,"href":"https:\/\/juliettecharpentier.fr\/gertrudes\/wp-json\/wp\/v2\/users\/2"}],"replies":[{"embeddable":true,"href":"https:\/\/juliettecharpentier.fr\/gertrudes\/wp-json\/wp\/v2\/comments?post=558"}],"version-history":[{"count":0,"href":"https:\/\/juliettecharpentier.fr\/gertrudes\/wp-json\/wp\/v2\/posts\/558\/revisions"}],"wp:attachment":[{"href":"https:\/\/juliettecharpentier.fr\/gertrudes\/wp-json\/wp\/v2\/media?parent=558"}],"wp:term":[{"taxonomy":"category","embeddable":true,"href":"https:\/\/juliettecharpentier.fr\/gertrudes\/wp-json\/wp\/v2\/categories?post=558"},{"taxonomy":"post_tag","embeddable":true,"href":"https:\/\/juliettecharpentier.fr\/gertrudes\/wp-json\/wp\/v2\/tags?post=558"}],"curies":[{"name":"wp","href":"https:\/\/api.w.org\/{rel}","templated":true}]}}