{"id":587,"date":"2011-02-09T00:01:01","date_gmt":"2011-02-08T23:01:01","guid":{"rendered":"http:\/\/juliettecharpentier.fr\/gertrudes\/2011\/02\/09\/neuf-de-fevrier-les-noeufs-feles-lui-sont-chers-a108949024\/"},"modified":"2011-02-09T00:01:01","modified_gmt":"2011-02-08T23:01:01","slug":"neuf-de-fevrier-les-noeufs-feles-lui-sont-chers-a108949024","status":"publish","type":"post","link":"https:\/\/juliettecharpentier.fr\/gertrudes\/neuf-de-fevrier-les-noeufs-feles-lui-sont-chers-a108949024\/","title":{"rendered":"Neuf de f\u00e9vrier: Les Noeufs f\u00eal\u00e9s lui sont chers"},"content":{"rendered":"<p>     &nbsp;   <\/p>\n<p style=\"text-align: center;\">     <span style=\"font-family: arial black,avant garde; font-size: 24pt; color: #ff00ff;\">Un verre \u00e7a va,<\/span>   <\/p>\n<p style=\"text-align: center;\">     <span style=\"font-family: arial black,avant garde; font-size: 24pt; color: #ff00ff;\">deux verres, bonjour les d\u00e9g\u00e2ts!<\/span>   <\/p>\n<p>     &nbsp;   <\/p>\n<p>     &nbsp;   <\/p>\n<p>     <span style=\"font-family: arial black,avant garde; font-size: 24pt; color: #ff00ff;\"><br \/><\/span>   <\/p>\n<p>     <img loading=\"lazy\" decoding=\"async\" src=\"https:\/\/juliettecharpentier.fr\/gertrudes\/wp-content\/uploads\/2016\/04\/qFSOHPTKPOJs7czKssN7im-VSzs.jpg\" style=\"margin:3px auto; display:block; clear:both;\" alt=\"gertrude-2-1190.JPG\" height=\"600\" width=\"450\">   <\/img><\/p>\n<p>     &nbsp;   <\/p>\n<p style=\"text-align: center;\">     &nbsp;   <\/p>\n<p style=\"text-align: center;\">     &nbsp;   <\/p>\n<p style=\"text-align: center;\">     &nbsp;   <\/p>\n<p style=\"text-align: center;\">     &nbsp;   <\/p>\n<p style=\"text-align: center;\">     &nbsp;   <\/p>\n<p style=\"text-align: center;\">     &nbsp;   <\/p>\n<p style=\"text-align: center;\">     &nbsp;   <\/p>\n<p style=\"text-align: center;\">     <span style=\"font-family: arial black,avant garde; font-size: 18pt; color: #ff00ff;\">Gertrude est compl\u00e8tement f\u00eal\u00e9e&#8230;<\/span>   <\/p>\n<p style=\"text-align: center;\">     &nbsp;   <\/p>\n<p>     <img loading=\"lazy\" decoding=\"async\" src=\"https:\/\/juliettecharpentier.fr\/gertrudes\/wp-content\/uploads\/2016\/04\/PykUyu8L0DM33--ZwPMgxUvIHpw.jpg\" style=\"margin:3px auto; display:block; clear:both;\" alt=\"gertrude-2-1187.JPG\" height=\"300\" width=\"244\">   <\/img><\/p>\n<p style=\"text-align: right;\">     <strong><span style=\"font-family: times new roman,times; font-size: 8pt;\">JC, f\u00e9vrier 2011, <em>Gertrude f\u00eal\u00e9e<\/em>,<\/span><\/strong>   <\/p>\n<p style=\"text-align: right;\">     <strong><span style=\"font-family: times new roman,times; font-size: 8pt;\">huile sur carton, cadre et verre bomb\u00e9 f\u00eal\u00e9,<\/span><\/strong>   <\/p>\n<p style=\"text-align: right;\">     <strong><span style=\"font-family: times new roman,times; font-size: 8pt;\">2,5 x 10 x 12 cm.<\/span><\/strong>   <\/p>\n<p style=\"text-align: right;\">     &nbsp;   <\/p>\n<p style=\"text-align: right;\">     &nbsp;   <\/p>\n<p style=\"text-align: right;\">     &nbsp;   <\/p>\n<p style=\"text-align: right;\">     &nbsp;   <\/p>\n<p style=\"text-align: right;\">     &nbsp;   <\/p>\n<p>&lt;script type=\u00a0\u00bbtext\/javascript\u00a0\u00bb&gt; \/\/ &lt;![CDATA[   var _gaq = _gaq || [];   _gaq.push([&lsquo;_setAccount&rsquo;, &lsquo;UA-6900860-2&rsquo;]);   _gaq.push([&lsquo;_trackPageview&rsquo;]);    (function() {     var ga = document.createElement(&lsquo;script&rsquo;); ga.type = &lsquo;text\/javascript&rsquo;; ga.async = true;     ga.src = (&lsquo;https:&rsquo; == document.location.protocol ? &lsquo;https:\/\/ssl&rsquo; : &lsquo;http:\/\/www&rsquo;) + &lsquo;.google-analytics.com\/ga.js&rsquo;;     var s = document.getElementsByTagName(&lsquo;script&rsquo;)[0]; s.parentNode.insertBefore(ga, s);   })(); \/\/]]&gt; &lt;\/script&gt;<\/p>\n","protected":false},"excerpt":{"rendered":"<p>&nbsp; Un verre \u00e7a va, deux verres, bonjour les d\u00e9g\u00e2ts! &nbsp; &nbsp; &nbsp; &nbsp; &nbsp; &nbsp; &nbsp; &nbsp; &nbsp; &nbsp; Gertrude est compl\u00e8tement f\u00eal\u00e9e&#8230; &nbsp; JC, f\u00e9vrier 2011, Gertrude f\u00eal\u00e9e, huile sur carton, cadre et verre bomb\u00e9 f\u00eal\u00e9, 2,5 x 10 x 12 cm. &nbsp; &nbsp; &nbsp; &nbsp; &nbsp; &lt;script type=\u00a0\u00bbtext\/javascript\u00a0\u00bb&gt; \/\/ &lt;![CDATA[ var _gaq &hellip; <a href=\"https:\/\/juliettecharpentier.fr\/gertrudes\/neuf-de-fevrier-les-noeufs-feles-lui-sont-chers-a108949024\/\" class=\"more-link\">Continuer la lecture<span class=\"screen-reader-text\"> de &laquo;&nbsp;Neuf de f\u00e9vrier: Les Noeufs f\u00eal\u00e9s lui sont chers&nbsp;&raquo;<\/span><\/a><\/p>\n","protected":false},"author":2,"featured_media":0,"comment_status":"open","ping_status":"open","sticky":false,"template":"","format":"standard","meta":{"footnotes":""},"categories":[164],"tags":[],"class_list":["post-587","post","type-post","status-publish","format-standard","hentry","category-les-reliques-plutot-louches"],"post_mailing_queue_ids":[],"_links":{"self":[{"href":"https:\/\/juliettecharpentier.fr\/gertrudes\/wp-json\/wp\/v2\/posts\/587","targetHints":{"allow":["GET"]}}],"collection":[{"href":"https:\/\/juliettecharpentier.fr\/gertrudes\/wp-json\/wp\/v2\/posts"}],"about":[{"href":"https:\/\/juliettecharpentier.fr\/gertrudes\/wp-json\/wp\/v2\/types\/post"}],"author":[{"embeddable":true,"href":"https:\/\/juliettecharpentier.fr\/gertrudes\/wp-json\/wp\/v2\/users\/2"}],"replies":[{"embeddable":true,"href":"https:\/\/juliettecharpentier.fr\/gertrudes\/wp-json\/wp\/v2\/comments?post=587"}],"version-history":[{"count":0,"href":"https:\/\/juliettecharpentier.fr\/gertrudes\/wp-json\/wp\/v2\/posts\/587\/revisions"}],"wp:attachment":[{"href":"https:\/\/juliettecharpentier.fr\/gertrudes\/wp-json\/wp\/v2\/media?parent=587"}],"wp:term":[{"taxonomy":"category","embeddable":true,"href":"https:\/\/juliettecharpentier.fr\/gertrudes\/wp-json\/wp\/v2\/categories?post=587"},{"taxonomy":"post_tag","embeddable":true,"href":"https:\/\/juliettecharpentier.fr\/gertrudes\/wp-json\/wp\/v2\/tags?post=587"}],"curies":[{"name":"wp","href":"https:\/\/api.w.org\/{rel}","templated":true}]}}