{"id":601,"date":"2011-01-22T12:07:02","date_gmt":"2011-01-22T11:07:02","guid":{"rendered":"http:\/\/juliettecharpentier.fr\/gertrudes\/2011\/01\/22\/os-benite-a108948952\/"},"modified":"2011-01-22T12:07:02","modified_gmt":"2011-01-22T11:07:02","slug":"os-benite-a108948952","status":"publish","type":"post","link":"https:\/\/juliettecharpentier.fr\/gertrudes\/os-benite-a108948952\/","title":{"rendered":"Os b\u00e9nite"},"content":{"rendered":"<p>     &nbsp;   <\/p>\n<p style=\"text-align: center;\">     &nbsp;   <\/p>\n<p style=\"text-align: center;\">     &nbsp;   <\/p>\n<p style=\"text-align: center;\">     &nbsp;   <\/p>\n<p style=\"text-align: center;\">     <span style=\"font-family: arial black,avant garde; font-size: 24pt; color: #ff00ff;\">Depuis que Gertrude re\u00e7oit des offrandes de lys et de roses,<\/span>   <\/p>\n<p style=\"text-align: center;\">     <span style=\"font-family: arial black,avant garde; font-size: 24pt; color: #ff00ff;\">elle est en odeur de Saintet\u00e9<\/span>   <\/p>\n<p style=\"text-align: center;\">     &nbsp;   <\/p>\n<p style=\"text-align: center;\">     &nbsp;   <\/p>\n<p style=\"text-align: center;\">     <span style=\"font-family: arial black,avant garde; font-size: 24pt; color: #ff00ff;\"><br \/><\/span>   <\/p>\n<p>     <img loading=\"lazy\" decoding=\"async\" src=\"https:\/\/juliettecharpentier.fr\/gertrudes\/wp-content\/uploads\/2016\/04\/D3vtC43sD_s4DBxizsBTpDZ1xQ0.jpg\" style=\"margin:3px auto; display:block; clear:both;\" alt=\"gertrude-2-1097.JPG\" height=\"449\" width=\"600\">   <\/img><\/p>\n<p style=\"text-align: right;\">     &nbsp; <span style=\"font-size: 8pt;\"><strong><span style=\"font-family: times new roman,times;\">JC, 2011,<\/span><\/strong><\/span>   <\/p>\n<p style=\"text-align: right;\">     <span style=\"font-size: 8pt;\"><strong><span style=\"font-family: times new roman,times;\"><em>Belle Os, Odeur de Saintet\u00e9<\/em>*,<\/span><\/strong><\/span>   <\/p>\n<p style=\"text-align: right;\">     <span style=\"font-size: 8pt;\"><strong><span style=\"font-family: times new roman,times;\">p\u00e9tales de roses, encre et photographie sur papier, flacon en verre de r\u00e9cup\u00e9ration,<\/span><\/strong><\/span>   <\/p>\n<p style=\"text-align: right;\">     <span style=\"font-size: 8pt;\"><strong><span style=\"font-family: times new roman,times;\">3,5 x 6 x 8 cm<\/span><\/strong><\/span>   <\/p>\n<p style=\"text-align: right;\">     &nbsp;   <\/p>\n<p style=\"text-align: right;\">     &nbsp;   <\/p>\n<p style=\"text-align: right;\">     &nbsp;   <\/p>\n<p style=\"text-align: right;\">     &nbsp;   <\/p>\n<p style=\"text-align: center;\">     <span style=\"font-family: arial black,avant garde; font-size: 14pt; color: #ff00ff;\">Les p\u00e9tales et les plumes de rose<\/span>   <\/p>\n<p style=\"text-align: center;\">     <span style=\"font-family: arial black,avant garde; font-size: 14pt; color: #ff00ff;\">proviennent des tr\u00e9sors f\u00e9\u00e9riques d&rsquo;une<\/span>   <\/p>\n<p style=\"text-align: center;\">     <span style=\"font-family: arial black,avant garde; font-size: 18pt; color: #ff00ff;\"><a href=\"http:\/\/lefildarchal.over-blog.fr\">Magicienne<\/a><\/span>   <\/p>\n<p style=\"text-align: center;\">     &nbsp;   <\/p>\n<p style=\"text-align: center;\">     &nbsp;   <\/p>\n<p style=\"text-align: center;\">     <span style=\"font-family: arial black,avant garde; font-size: 14pt;\"><br \/><\/span>   <\/p>\n<p>     &nbsp;   <\/p>\n<p>     <img loading=\"lazy\" decoding=\"async\" src=\"https:\/\/juliettecharpentier.fr\/gertrudes\/wp-content\/uploads\/2016\/04\/C8KSiBIBVP-6JGt3MHwDSemjA4c.jpg\" style=\"margin:3px auto; display:block; clear:both;\" alt=\"gertrude-2-1100.JPG\" height=\"287\" width=\"300\">   <\/img><\/p>\n<p>     &nbsp;   <\/p>\n<p>     &nbsp;   <\/p>\n<p style=\"text-align: right;\">     <strong><span style=\"font-family: times new roman,times;\">*<a href=\"http:\/\/www.zumbazone.com\/duchamp\/haleine.html\">Parce que Duchamp est inimitable<\/a><\/span><\/strong>   <\/p>\n<p style=\"text-align: right;\">     &nbsp;   <\/p>\n<p style=\"text-align: right;\">     &nbsp;   <\/p>\n<p style=\"text-align: right;\">     &nbsp;   <\/p>\n<p style=\"text-align: right;\">     &nbsp;   <\/p>\n<p>&lt;script type=\u00a0\u00bbtext\/javascript\u00a0\u00bb&gt; \/\/ &lt;![CDATA[   var _gaq = _gaq || [];   _gaq.push([&lsquo;_setAccount&rsquo;, &lsquo;UA-6900860-2&rsquo;]);   _gaq.push([&lsquo;_trackPageview&rsquo;]);    (function() {     var ga = document.createElement(&lsquo;script&rsquo;); ga.type = &lsquo;text\/javascript&rsquo;; ga.async = true;     ga.src = (&lsquo;https:&rsquo; == document.location.protocol ? &lsquo;https:\/\/ssl&rsquo; : &lsquo;http:\/\/www&rsquo;) + &lsquo;.google-analytics.com\/ga.js&rsquo;;     var s = document.getElementsByTagName(&lsquo;script&rsquo;)[0]; s.parentNode.insertBefore(ga, s);   })(); \/\/]]&gt; &lt;\/script&gt;<\/p>\n","protected":false},"excerpt":{"rendered":"<p>&nbsp; &nbsp; &nbsp; &nbsp; Depuis que Gertrude re\u00e7oit des offrandes de lys et de roses, elle est en odeur de Saintet\u00e9 &nbsp; &nbsp; &nbsp; JC, 2011, Belle Os, Odeur de Saintet\u00e9*, p\u00e9tales de roses, encre et photographie sur papier, flacon en verre de r\u00e9cup\u00e9ration, 3,5 x 6 x 8 cm &nbsp; &nbsp; &nbsp; &nbsp; Les &hellip; <a href=\"https:\/\/juliettecharpentier.fr\/gertrudes\/os-benite-a108948952\/\" class=\"more-link\">Continuer la lecture<span class=\"screen-reader-text\"> de &laquo;&nbsp;Os b\u00e9nite&nbsp;&raquo;<\/span><\/a><\/p>\n","protected":false},"author":2,"featured_media":0,"comment_status":"open","ping_status":"open","sticky":false,"template":"","format":"standard","meta":{"footnotes":""},"categories":[160],"tags":[],"class_list":["post-601","post","type-post","status-publish","format-standard","hentry","category-les-roses-de-gertrude"],"post_mailing_queue_ids":[],"_links":{"self":[{"href":"https:\/\/juliettecharpentier.fr\/gertrudes\/wp-json\/wp\/v2\/posts\/601","targetHints":{"allow":["GET"]}}],"collection":[{"href":"https:\/\/juliettecharpentier.fr\/gertrudes\/wp-json\/wp\/v2\/posts"}],"about":[{"href":"https:\/\/juliettecharpentier.fr\/gertrudes\/wp-json\/wp\/v2\/types\/post"}],"author":[{"embeddable":true,"href":"https:\/\/juliettecharpentier.fr\/gertrudes\/wp-json\/wp\/v2\/users\/2"}],"replies":[{"embeddable":true,"href":"https:\/\/juliettecharpentier.fr\/gertrudes\/wp-json\/wp\/v2\/comments?post=601"}],"version-history":[{"count":0,"href":"https:\/\/juliettecharpentier.fr\/gertrudes\/wp-json\/wp\/v2\/posts\/601\/revisions"}],"wp:attachment":[{"href":"https:\/\/juliettecharpentier.fr\/gertrudes\/wp-json\/wp\/v2\/media?parent=601"}],"wp:term":[{"taxonomy":"category","embeddable":true,"href":"https:\/\/juliettecharpentier.fr\/gertrudes\/wp-json\/wp\/v2\/categories?post=601"},{"taxonomy":"post_tag","embeddable":true,"href":"https:\/\/juliettecharpentier.fr\/gertrudes\/wp-json\/wp\/v2\/tags?post=601"}],"curies":[{"name":"wp","href":"https:\/\/api.w.org\/{rel}","templated":true}]}}