{"id":61,"date":"2008-04-30T03:00:02","date_gmt":"2008-04-30T01:00:02","guid":{"rendered":"http:\/\/juliettecharpentier.fr\/gertrudes\/2008\/04\/30\/collage-a108953452\/"},"modified":"2008-04-30T03:00:02","modified_gmt":"2008-04-30T01:00:02","slug":"collage-a108953452","status":"publish","type":"post","link":"https:\/\/juliettecharpentier.fr\/gertrudes\/collage-a108953452\/","title":{"rendered":"Collage."},"content":{"rendered":"<div style=\"text-align: center;\">     <span style=\"font-size: 18pt;\"><strong>Hommage \u00e0 Jacques Tati<br \/>     ou<br \/>     comment tenter de donner du sens<br \/>     dans le virtuel<br \/>     \u00e0 un fragment de r\u00e9alit\u00e9 insignifiant.<\/p>\n<p><\/strong> <span style=\"color: #ff0000; font-size: 10pt;\">Branchez votre casque, fermez les yeux et vous y \u00eates&#8230;<br \/><\/span><\/span>     <\/p>\n<div>\n<div>\n<div>\n<div>\n<div>\n<div>\n<div>\n<div>\n<div>                       <span style=\"font-size: 18pt;\"><object height=\"387\" width=\"456\" codebase=\"http:\/\/download.macromedia.com\/pub\/shockwave\/cabs\/flash\/swflash.cab#version=6,0,40,0\" classid=\"clsid:d27cdb6e-ae6d-11cf-96b8-444553540000\"><param name=\"allowScriptAccess\" value=\"never\"><param name=\"allowFullScreen\" value=\"true\"><param name=\"src\" value=\"http:\/\/www.wat.tv\/swf2\/174259LtquBN6983345\"><embed type=\"application\/x-shockwave-flash\" width=\"456\" height=\"387\" src=\"http:\/\/www.wat.tv\/swf2\/174259LtquBN6983345\" allowfullscreen=\"true\" allowscriptaccess=\"never\"><\/embed><\/param><\/param><\/param><\/object><\/span>                     <\/div>\n<\/p><\/div>\n<\/p><\/div>\n<\/p><\/div>\n<\/p><\/div>\n<\/p><\/div>\n<\/p><\/div>\n<\/p><\/div>\n<\/p><\/div>\n<div style=\"text-align: right;\">       <span style=\"font-size: 18pt;\"><span style=\"color: #ff0000; font-size: 10pt;\"><span style=\"color: #000000;\"><strong><em>Course parisienne<\/em><\/strong>,<br \/>       enregistrement audio r\u00e9alis\u00e9 lors d&rsquo;un parcours entre la Rue Vauvenargues et l&rsquo;Avenue des Ternes,<br \/>       Paris, le mardi 22 avril 2008 vers 15 heures.<\/p>\n<p><\/span><\/span><\/span>       <\/p>\n<div style=\"text-align: center;\">\n<div>            <img loading=\"lazy\" decoding=\"async\" src=\"https:\/\/juliettecharpentier.fr\/gertrudes\/wp-content\/uploads\/2016\/04\/2h0hqg9MpGdTbIA2wu95kflFhVo@599x173.jpg\" style=\"margin:3px auto; display:block; clear:both;\" height=\"173\" width=\"599\" alt=\"\"\/>            <\/p>\n<div style=\"text-align: center;\">             <span style=\"font-size: 12pt;\"><strong>Les trois petits os de l&rsquo;oreille interne de Gertrude,<br \/>             responsables<br \/>             de son ou\u00efe et de son \u00e9quilibre.<\/strong><\/span>           <\/div>\n<\/p><\/div>\n<p>       <\/div>\n<div style=\"text-align: left;\">         <span style=\"font-size: 8pt;\"><\/p>\n<p>         Avertissement:<br \/>         Les quelques \u00ab\u00a0vides\u00a0\u00bb \u00e0 la fin de l&rsquo;enregistrements sont l\u00e0 pour masquer des informations qui n&rsquo;ont pas \u00e0 paraitre sur ce blog.<br \/><\/span>       <\/div>\n<\/p><\/div>\n<p><span style=\"font-size: 18pt;\"><span style=\"color: #ff0000; font-size: 10pt;\"><span style=\"color: #000000;\"><br \/><\/span><\/span><\/span>   <\/div>\n","protected":false},"excerpt":{"rendered":"<p>Hommage \u00e0 Jacques Tati ou comment tenter de donner du sens dans le virtuel \u00e0 un fragment de r\u00e9alit\u00e9 insignifiant. Branchez votre casque, fermez les yeux et vous y \u00eates&#8230; Course parisienne, enregistrement audio r\u00e9alis\u00e9 lors d&rsquo;un parcours entre la Rue Vauvenargues et l&rsquo;Avenue des Ternes, Paris, le mardi 22 avril 2008 vers 15 heures. &hellip; <a href=\"https:\/\/juliettecharpentier.fr\/gertrudes\/collage-a108953452\/\" class=\"more-link\">Continuer la lecture<span class=\"screen-reader-text\"> de &laquo;&nbsp;Collage.&nbsp;&raquo;<\/span><\/a><\/p>\n","protected":false},"author":1,"featured_media":0,"comment_status":"open","ping_status":"open","sticky":false,"template":"","format":"standard","meta":{"footnotes":""},"categories":[123],"tags":[],"class_list":["post-61","post","type-post","status-publish","format-standard","hentry","category-la-face-hulot-de-gertrude"],"post_mailing_queue_ids":[],"_links":{"self":[{"href":"https:\/\/juliettecharpentier.fr\/gertrudes\/wp-json\/wp\/v2\/posts\/61","targetHints":{"allow":["GET"]}}],"collection":[{"href":"https:\/\/juliettecharpentier.fr\/gertrudes\/wp-json\/wp\/v2\/posts"}],"about":[{"href":"https:\/\/juliettecharpentier.fr\/gertrudes\/wp-json\/wp\/v2\/types\/post"}],"author":[{"embeddable":true,"href":"https:\/\/juliettecharpentier.fr\/gertrudes\/wp-json\/wp\/v2\/users\/1"}],"replies":[{"embeddable":true,"href":"https:\/\/juliettecharpentier.fr\/gertrudes\/wp-json\/wp\/v2\/comments?post=61"}],"version-history":[{"count":0,"href":"https:\/\/juliettecharpentier.fr\/gertrudes\/wp-json\/wp\/v2\/posts\/61\/revisions"}],"wp:attachment":[{"href":"https:\/\/juliettecharpentier.fr\/gertrudes\/wp-json\/wp\/v2\/media?parent=61"}],"wp:term":[{"taxonomy":"category","embeddable":true,"href":"https:\/\/juliettecharpentier.fr\/gertrudes\/wp-json\/wp\/v2\/categories?post=61"},{"taxonomy":"post_tag","embeddable":true,"href":"https:\/\/juliettecharpentier.fr\/gertrudes\/wp-json\/wp\/v2\/tags?post=61"}],"curies":[{"name":"wp","href":"https:\/\/api.w.org\/{rel}","templated":true}]}}