{"id":622,"date":"2008-11-20T00:01:01","date_gmt":"2008-11-19T23:01:01","guid":{"rendered":"http:\/\/juliettecharpentier.fr\/gertrudes\/2008\/11\/20\/passage-a-reflexions-a108949372\/"},"modified":"2008-11-20T00:01:01","modified_gmt":"2008-11-19T23:01:01","slug":"passage-a-reflexions-a108949372","status":"publish","type":"post","link":"https:\/\/juliettecharpentier.fr\/gertrudes\/passage-a-reflexions-a108949372\/","title":{"rendered":"Passage \u00e0 R\u00e9flexions."},"content":{"rendered":"<div style=\"text-align: center;\">     <span style=\"font-size: 24pt;\"><span style=\"font-family: arial black,avant garde;\"><strong><br \/>     Des capacit\u00e9s de<\/strong><\/span><\/span><br \/>     <span style=\"font-size: 24pt;\"><span style=\"font-family: arial black,avant garde;\"><strong><span style=\"color: #ff00ff;\">R\u00e9flexions cr\u00e2niennes<\/span><\/strong><\/span><\/span><br \/>     <span style=\"font-size: 24pt;\"><span style=\"font-family: arial black,avant garde;\"><strong>\u00e0 la<\/strong><\/span><\/span><br \/>     <span style=\"font-size: 24pt;\"><span style=\"font-family: arial black,avant garde;\"><strong><span style=\"color: #ff00ff;\">Lumi\u00e8re<\/span><\/strong><\/span><\/span><br \/>     <span style=\"font-size: 24pt;\"><span style=\"font-family: arial black,avant garde;\"><strong>de l&rsquo;Exp\u00e9rience.<\/p>\n<p><\/strong><\/span><\/span>   <\/div>\n<div style=\"text-align: right;\">      <img loading=\"lazy\" decoding=\"async\" src=\"https:\/\/juliettecharpentier.fr\/gertrudes\/wp-content\/uploads\/2016\/04\/mPBH-kzpBIE8bJuiuC0Q8zJ8Dak@580x599.jpg\" style=\"margin:3px auto; display:block; clear:both;\" height=\"599\" width=\"580\" alt=\"\"\/> <span style=\"font-size: 8pt;\"><span style=\"font-family: times new roman,times;\"><strong>JC,     Lumi\u00e8re de Gertrude, cendre, bitume de Jud\u00e9e, peinture \u00e0 l&rsquo;huile, feuilles d&rsquo;or, photographies, lame de verre, toile de lin, papier.<br \/>     Chaque \u00e9l\u00e9ment: 2,5 x 7,5 cm.<\/p>\n<p><\/strong><\/span><\/span>     <\/p>\n<div style=\"text-align: center;\">       <span style=\"font-size: 8pt;\"><strong><span style=\"font-family: times new roman,times;\"><\/p>\n<p>       (\u00e0 suivre)<\/p>\n<p><\/span><\/strong><\/span>     <\/div>\n<p><span style=\"font-size: 8pt;\"><span style=\"font-family: times new roman,times;\"><strong><br \/><\/strong><\/span><\/span>   <\/div>\n","protected":false},"excerpt":{"rendered":"<p>Des capacit\u00e9s de R\u00e9flexions cr\u00e2niennes \u00e0 la Lumi\u00e8re de l&rsquo;Exp\u00e9rience. JC, Lumi\u00e8re de Gertrude, cendre, bitume de Jud\u00e9e, peinture \u00e0 l&rsquo;huile, feuilles d&rsquo;or, photographies, lame de verre, toile de lin, papier. Chaque \u00e9l\u00e9ment: 2,5 x 7,5 cm. (\u00e0 suivre)<\/p>\n","protected":false},"author":2,"featured_media":0,"comment_status":"open","ping_status":"open","sticky":false,"template":"","format":"standard","meta":{"footnotes":""},"categories":[169],"tags":[],"class_list":["post-622","post","type-post","status-publish","format-standard","hentry","category-peinture-gertrude"],"post_mailing_queue_ids":[],"_links":{"self":[{"href":"https:\/\/juliettecharpentier.fr\/gertrudes\/wp-json\/wp\/v2\/posts\/622","targetHints":{"allow":["GET"]}}],"collection":[{"href":"https:\/\/juliettecharpentier.fr\/gertrudes\/wp-json\/wp\/v2\/posts"}],"about":[{"href":"https:\/\/juliettecharpentier.fr\/gertrudes\/wp-json\/wp\/v2\/types\/post"}],"author":[{"embeddable":true,"href":"https:\/\/juliettecharpentier.fr\/gertrudes\/wp-json\/wp\/v2\/users\/2"}],"replies":[{"embeddable":true,"href":"https:\/\/juliettecharpentier.fr\/gertrudes\/wp-json\/wp\/v2\/comments?post=622"}],"version-history":[{"count":0,"href":"https:\/\/juliettecharpentier.fr\/gertrudes\/wp-json\/wp\/v2\/posts\/622\/revisions"}],"wp:attachment":[{"href":"https:\/\/juliettecharpentier.fr\/gertrudes\/wp-json\/wp\/v2\/media?parent=622"}],"wp:term":[{"taxonomy":"category","embeddable":true,"href":"https:\/\/juliettecharpentier.fr\/gertrudes\/wp-json\/wp\/v2\/categories?post=622"},{"taxonomy":"post_tag","embeddable":true,"href":"https:\/\/juliettecharpentier.fr\/gertrudes\/wp-json\/wp\/v2\/tags?post=622"}],"curies":[{"name":"wp","href":"https:\/\/api.w.org\/{rel}","templated":true}]}}