{"id":648,"date":"2011-05-13T17:19:02","date_gmt":"2011-05-13T15:19:02","guid":{"rendered":"http:\/\/juliettecharpentier.fr\/gertrudes\/2011\/05\/13\/rose-attack-a108949262\/"},"modified":"2011-05-13T17:19:02","modified_gmt":"2011-05-13T15:19:02","slug":"rose-attack-a108949262","status":"publish","type":"post","link":"https:\/\/juliettecharpentier.fr\/gertrudes\/rose-attack-a108949262\/","title":{"rendered":"Rose attack!"},"content":{"rendered":"<p>     &nbsp;   <\/p>\n<p>     &nbsp;   <\/p>\n<p style=\"text-align: center;\">     <span style=\"font-family: arial black,avant garde; font-size: 24pt; color: #ff00ff;\"><strong>TROIS ANS D\u00c9PASS\u00c9S<\/strong><\/span>   <\/p>\n<p style=\"text-align: center;\">     <span style=\"font-family: arial black,avant garde; font-size: 24pt; color: #ff00ff;\"><strong>ET LA ROSE TR\u00c9PASSE<\/strong><\/span>   <\/p>\n<p style=\"text-align: center;\">     &nbsp;   <\/p>\n<p style=\"text-align: center;\">     <span style=\"font-family: arial black,avant garde; font-size: 24pt;\"><strong><br \/><\/strong><\/span>   <\/p>\n<p>     &nbsp;   <\/p>\n<p>     <img loading=\"lazy\" decoding=\"async\" src=\"https:\/\/juliettecharpentier.fr\/gertrudes\/wp-content\/uploads\/2016\/04\/R5i7Iz3r7NysQ9ONGZgU_Ozbwgk.jpg\" style=\"margin:3px auto; display:block; clear:both;\" alt=\"gertrude-2-1708.JPG\" height=\"313\" width=\"600\">   <\/img><\/p>\n<p>     &nbsp;   <\/p>\n<p>     &nbsp;   <\/p>\n<p>     &nbsp;   <\/p>\n<p style=\"text-align: center;\">     <span style=\"font-family: arial black,avant garde; font-size: 24pt;\"><strong><span style=\"color: #ff00ff;\">IL EST TEMPS<\/span><\/strong><\/span>   <\/p>\n<p style=\"text-align: center;\">     <span style=\"font-family: arial black,avant garde; font-size: 24pt;\"><strong><span style=\"color: #ff00ff;\">DE SE MOBILISER<\/span><\/strong><\/span>   <\/p>\n<p style=\"text-align: center;\">     &nbsp;   <\/p>\n<p style=\"text-align: center;\">     &nbsp;   <\/p>\n<p style=\"text-align: center;\">     &nbsp;   <\/p>\n","protected":false},"excerpt":{"rendered":"<p>&nbsp; &nbsp; TROIS ANS D\u00c9PASS\u00c9S ET LA ROSE TR\u00c9PASSE &nbsp; &nbsp; &nbsp; &nbsp; &nbsp; IL EST TEMPS DE SE MOBILISER &nbsp; &nbsp; &nbsp;<\/p>\n","protected":false},"author":2,"featured_media":0,"comment_status":"open","ping_status":"open","sticky":false,"template":"","format":"standard","meta":{"footnotes":""},"categories":[138],"tags":[],"class_list":["post-648","post","type-post","status-publish","format-standard","hentry","category-colere-de-gertrude"],"post_mailing_queue_ids":[],"_links":{"self":[{"href":"https:\/\/juliettecharpentier.fr\/gertrudes\/wp-json\/wp\/v2\/posts\/648","targetHints":{"allow":["GET"]}}],"collection":[{"href":"https:\/\/juliettecharpentier.fr\/gertrudes\/wp-json\/wp\/v2\/posts"}],"about":[{"href":"https:\/\/juliettecharpentier.fr\/gertrudes\/wp-json\/wp\/v2\/types\/post"}],"author":[{"embeddable":true,"href":"https:\/\/juliettecharpentier.fr\/gertrudes\/wp-json\/wp\/v2\/users\/2"}],"replies":[{"embeddable":true,"href":"https:\/\/juliettecharpentier.fr\/gertrudes\/wp-json\/wp\/v2\/comments?post=648"}],"version-history":[{"count":0,"href":"https:\/\/juliettecharpentier.fr\/gertrudes\/wp-json\/wp\/v2\/posts\/648\/revisions"}],"wp:attachment":[{"href":"https:\/\/juliettecharpentier.fr\/gertrudes\/wp-json\/wp\/v2\/media?parent=648"}],"wp:term":[{"taxonomy":"category","embeddable":true,"href":"https:\/\/juliettecharpentier.fr\/gertrudes\/wp-json\/wp\/v2\/categories?post=648"},{"taxonomy":"post_tag","embeddable":true,"href":"https:\/\/juliettecharpentier.fr\/gertrudes\/wp-json\/wp\/v2\/tags?post=648"}],"curies":[{"name":"wp","href":"https:\/\/api.w.org\/{rel}","templated":true}]}}