{"id":653,"date":"2008-11-30T00:01:01","date_gmt":"2008-11-29T23:01:01","guid":{"rendered":"http:\/\/juliettecharpentier.fr\/gertrudes\/2008\/11\/30\/rosee-passagere-la-relique-de-la-rose-des-cendres-a108949018\/"},"modified":"2008-11-30T00:01:01","modified_gmt":"2008-11-29T23:01:01","slug":"rosee-passagere-la-relique-de-la-rose-des-cendres-a108949018","status":"publish","type":"post","link":"https:\/\/juliettecharpentier.fr\/gertrudes\/rosee-passagere-la-relique-de-la-rose-des-cendres-a108949018\/","title":{"rendered":"Ros\u00e9e Passag\u00e8re: La Relique de la Rose des Cendres."},"content":{"rendered":"<p style=\"text-align: center;\">   <\/p>\n<p style=\"text-align: center;\">     <span style=\"color: #ff00ff;\"><span style=\"font-size: 24pt;\"><strong><span style=\"font-family: arial black,avant garde;\">Les petites Lumi\u00e8res<\/span><\/strong><\/span><\/span>   <\/p>\n<p style=\"text-align: center;\">     <span style=\"font-size: 24pt;\"><strong><span style=\"font-family: arial black,avant garde;\">de la&nbsp;<\/span><\/strong><\/span>   <\/p>\n<p style=\"text-align: center;\">     <span style=\"color: #ff00ff;\"><span style=\"font-size: 24pt;\"><strong><span style=\"font-family: arial black,avant garde;\">Ros\u00e9e<\/span><\/strong><\/span><\/span>   <\/p>\n<p style=\"text-align: center;\">     <span style=\"font-size: 24pt;\"><strong><span style=\"font-family: arial black,avant garde;\">sur une<\/span><\/strong><\/span>   <\/p>\n<p style=\"text-align: center;\">     <span style=\"color: #ff00ff;\"><span style=\"font-size: 24pt;\"><strong><span style=\"font-family: arial black,avant garde;\">Rose des Cendres.<\/span><\/strong><\/span><\/span>   <\/p>\n<p style=\"text-align: center;\">     <span style=\"font-size: 24pt;\"><strong><span style=\"font-family: arial black,avant garde;\"><br \/><\/span><\/strong><\/span>   <\/p>\n<p>      <img loading=\"lazy\" decoding=\"async\" src=\"https:\/\/juliettecharpentier.fr\/gertrudes\/wp-content\/uploads\/2016\/04\/EgVMbIWBWEJGAVdHOzcJSJys8Sk@465x599.jpg\" style=\"margin:3px auto; display:block; clear:both;\" height=\"599\" width=\"465\" alt=\"\"\/>    <\/p>\n<p style=\"text-align: right;\">     <strong><span style=\"font-size: 8pt;\"><span style=\"font-family: times new roman,times;\">JC, <em>La Relique de la Rose des Cendres<\/em>, novembre 2008, fleur s\u00e9ch\u00e9e, photographie, loupe en r\u00e9sine,     cendre, bitume de Jud\u00e9e, huile, feuille d&rsquo;or, vernis,<\/span><span style=\"font-family: times new roman,times;\">cadre \u00e0 verre bomb\u00e9 achet\u00e9 sur Internet en octobre 2008, 10 x 12,5     cm.<\/span><\/span><\/strong>   <\/p>\n<p style=\"text-align: right;\">   <\/p>\n<p style=\"text-align: right;\">   <\/p>\n<p style=\"text-align: right;\">   <\/p>\n<p style=\"text-align: right;\">   <\/p>\n<p style=\"text-align: right;\">   <\/p>\n<p style=\"text-align: right;\">   <\/p>\n<p style=\"text-align: center;\">     <span style=\"font-size: 8pt;\"><strong><span style=\"font-family: times new roman,times;\">(\u00e0 suivre)<\/span><\/strong><\/span>   <\/p>\n<p style=\"text-align: center;\">   <\/p>\n<p style=\"text-align: center;\">   <\/p>\n<p style=\"text-align: center;\">     <span style=\"font-size: 8pt;\"><strong><span style=\"font-family: times new roman,times;\"><br \/><\/span><\/strong><\/span>   <\/p>\n","protected":false},"excerpt":{"rendered":"<p>Les petites Lumi\u00e8res de la&nbsp; Ros\u00e9e sur une Rose des Cendres. JC, La Relique de la Rose des Cendres, novembre 2008, fleur s\u00e9ch\u00e9e, photographie, loupe en r\u00e9sine, cendre, bitume de Jud\u00e9e, huile, feuille d&rsquo;or, vernis,cadre \u00e0 verre bomb\u00e9 achet\u00e9 sur Internet en octobre 2008, 10 x 12,5 cm. (\u00e0 suivre)<\/p>\n","protected":false},"author":2,"featured_media":0,"comment_status":"open","ping_status":"open","sticky":false,"template":"","format":"standard","meta":{"footnotes":""},"categories":[168],"tags":[],"class_list":["post-653","post","type-post","status-publish","format-standard","hentry","category-les-reliques-plutot-roses"],"post_mailing_queue_ids":[],"_links":{"self":[{"href":"https:\/\/juliettecharpentier.fr\/gertrudes\/wp-json\/wp\/v2\/posts\/653","targetHints":{"allow":["GET"]}}],"collection":[{"href":"https:\/\/juliettecharpentier.fr\/gertrudes\/wp-json\/wp\/v2\/posts"}],"about":[{"href":"https:\/\/juliettecharpentier.fr\/gertrudes\/wp-json\/wp\/v2\/types\/post"}],"author":[{"embeddable":true,"href":"https:\/\/juliettecharpentier.fr\/gertrudes\/wp-json\/wp\/v2\/users\/2"}],"replies":[{"embeddable":true,"href":"https:\/\/juliettecharpentier.fr\/gertrudes\/wp-json\/wp\/v2\/comments?post=653"}],"version-history":[{"count":0,"href":"https:\/\/juliettecharpentier.fr\/gertrudes\/wp-json\/wp\/v2\/posts\/653\/revisions"}],"wp:attachment":[{"href":"https:\/\/juliettecharpentier.fr\/gertrudes\/wp-json\/wp\/v2\/media?parent=653"}],"wp:term":[{"taxonomy":"category","embeddable":true,"href":"https:\/\/juliettecharpentier.fr\/gertrudes\/wp-json\/wp\/v2\/categories?post=653"},{"taxonomy":"post_tag","embeddable":true,"href":"https:\/\/juliettecharpentier.fr\/gertrudes\/wp-json\/wp\/v2\/tags?post=653"}],"curies":[{"name":"wp","href":"https:\/\/api.w.org\/{rel}","templated":true}]}}