{"id":659,"date":"2010-09-01T00:01:01","date_gmt":"2010-08-31T22:01:01","guid":{"rendered":"http:\/\/juliettecharpentier.fr\/gertrudes\/2010\/09\/01\/september-fever-a108949344\/"},"modified":"2010-09-01T00:01:01","modified_gmt":"2010-08-31T22:01:01","slug":"september-fever-a108949344","status":"publish","type":"post","link":"https:\/\/juliettecharpentier.fr\/gertrudes\/september-fever-a108949344\/","title":{"rendered":"September fever"},"content":{"rendered":"<p style=\"text-align: center;\">     &nbsp;   <\/p>\n<p style=\"text-align: center;\">     &nbsp;   <\/p>\n<p style=\"text-align: center;\">     &nbsp;   <\/p>\n<p style=\"text-align: center;\">     <span style=\"font-family: arial black,avant garde; font-size: 24pt; color: #ff00ff;\"><strong>LA ROSE<\/strong><\/span>   <\/p>\n<p style=\"text-align: center;\">     <span style=\"font-family: arial black,avant garde; font-size: 24pt; color: #ff00ff;\"><strong>DEVRAIT-ELLE \u00c9TERNUER?<\/strong><\/span>   <\/p>\n<p style=\"text-align: center;\">     &nbsp;   <\/p>\n<p style=\"text-align: center;\">     &nbsp;   <\/p>\n<p style=\"text-align: center;\">     &nbsp;   <\/p>\n<p style=\"text-align: center;\">     <span style=\"font-family: arial black,avant garde; font-size: 24pt;\"><strong><br \/><\/strong><\/span>   <\/p>\n<p>     &nbsp;   <\/p>\n<p>     <img loading=\"lazy\" decoding=\"async\" src=\"https:\/\/juliettecharpentier.fr\/gertrudes\/wp-content\/uploads\/2016\/04\/dnA1f5elto6Cyaq0zuDa6S7DZhg.jpg\" style=\"margin:3px auto; display:block; clear:both;\" alt=\"img_0366.jpg\" height=\"600\" width=\"590\">   <\/img><\/p>\n<p style=\"text-align: right;\">     <strong><span style=\"font-family: times new roman,times; font-size: 8pt;\">JC, <em>Gertrude comme Marcel (parce que Duchamp est inimitable)*<\/em>,<\/span><\/strong>   <\/p>\n<p style=\"text-align: right;\">     <strong><span style=\"font-family: times new roman,times; font-size: 8pt;\">cr\u00e2nes en sucre, os de seiche, thermom\u00e8tre, sparadrap, fil, bois,<\/span><\/strong>   <\/p>\n<p style=\"text-align: right;\">     <strong><span style=\"font-family: times new roman,times; font-size: 8pt;\">6 x 7 x 9 cm.<\/span><\/strong>   <\/p>\n<p style=\"text-align: right;\">     &nbsp;   <\/p>\n<p style=\"text-align: right;\">     <strong><span style=\"font-family: times new roman,times; font-size: 8pt;\"><br \/><\/span><\/strong>   <\/p>\n<p style=\"text-align: right;\">     &nbsp;   <\/p>\n<p style=\"text-align: right;\">     <strong><span style=\"font-family: times new roman,times; font-size: 8pt;\"><a href=\"http:\/\/www.sceren.fr\/magarts\/heterogeneite\/lyc_duchamp.htm\">*Marcel Duchamp, <em>Why not sneeze, Rrose     Selavy?<\/em><\/a><\/span><\/strong>   <\/p>\n<p style=\"text-align: right;\">     &nbsp;   <\/p>\n","protected":false},"excerpt":{"rendered":"<p>&nbsp; &nbsp; &nbsp; LA ROSE DEVRAIT-ELLE \u00c9TERNUER? &nbsp; &nbsp; &nbsp; &nbsp; JC, Gertrude comme Marcel (parce que Duchamp est inimitable)*, cr\u00e2nes en sucre, os de seiche, thermom\u00e8tre, sparadrap, fil, bois, 6 x 7 x 9 cm. &nbsp; &nbsp; *Marcel Duchamp, Why not sneeze, Rrose Selavy? &nbsp;<\/p>\n","protected":false},"author":2,"featured_media":0,"comment_status":"open","ping_status":"open","sticky":false,"template":"","format":"standard","meta":{"footnotes":""},"categories":[176],"tags":[],"class_list":["post-659","post","type-post","status-publish","format-standard","hentry","category-l-avant-garde-la-plus-louche"],"post_mailing_queue_ids":[],"_links":{"self":[{"href":"https:\/\/juliettecharpentier.fr\/gertrudes\/wp-json\/wp\/v2\/posts\/659","targetHints":{"allow":["GET"]}}],"collection":[{"href":"https:\/\/juliettecharpentier.fr\/gertrudes\/wp-json\/wp\/v2\/posts"}],"about":[{"href":"https:\/\/juliettecharpentier.fr\/gertrudes\/wp-json\/wp\/v2\/types\/post"}],"author":[{"embeddable":true,"href":"https:\/\/juliettecharpentier.fr\/gertrudes\/wp-json\/wp\/v2\/users\/2"}],"replies":[{"embeddable":true,"href":"https:\/\/juliettecharpentier.fr\/gertrudes\/wp-json\/wp\/v2\/comments?post=659"}],"version-history":[{"count":0,"href":"https:\/\/juliettecharpentier.fr\/gertrudes\/wp-json\/wp\/v2\/posts\/659\/revisions"}],"wp:attachment":[{"href":"https:\/\/juliettecharpentier.fr\/gertrudes\/wp-json\/wp\/v2\/media?parent=659"}],"wp:term":[{"taxonomy":"category","embeddable":true,"href":"https:\/\/juliettecharpentier.fr\/gertrudes\/wp-json\/wp\/v2\/categories?post=659"},{"taxonomy":"post_tag","embeddable":true,"href":"https:\/\/juliettecharpentier.fr\/gertrudes\/wp-json\/wp\/v2\/tags?post=659"}],"curies":[{"name":"wp","href":"https:\/\/api.w.org\/{rel}","templated":true}]}}