{"id":662,"date":"2009-03-09T00:01:01","date_gmt":"2009-03-08T23:01:01","guid":{"rendered":"http:\/\/juliettecharpentier.fr\/gertrudes\/2009\/03\/09\/sortie-de-relique-la-relique-des-improbables-a108949034\/"},"modified":"2009-03-09T00:01:01","modified_gmt":"2009-03-08T23:01:01","slug":"sortie-de-relique-la-relique-des-improbables-a108949034","status":"publish","type":"post","link":"https:\/\/juliettecharpentier.fr\/gertrudes\/sortie-de-relique-la-relique-des-improbables-a108949034\/","title":{"rendered":"Sortie de relique: La Relique des Improbables."},"content":{"rendered":"<div style=\"text-align: center;\">     <span style=\"font-family: arial black,avant garde;\"><span style=\"font-size: 24pt;\"><strong><br \/>     <span style=\"color: #ff00ff;\">Z\u00c9RO NEUF<br \/>     Z\u00c9RO TROIS<br \/>     Z\u00c9RO NEUF<\/span><\/strong><span style=\"color: #ff00ff;\"><br \/><\/span><strong><span style=\"color: #ff00ff;\">Exercice d&rsquo; Improbabilit\u00e9<\/span><\/p>\n<p><\/strong><\/span><\/p>\n<p><\/span>     <\/p>\n<div style=\"text-align: right;\">       <span style=\"font-family: arial black,avant garde;\"> <img loading=\"lazy\" decoding=\"async\" src=\"https:\/\/juliettecharpentier.fr\/gertrudes\/wp-content\/uploads\/2016\/04\/qUQVrJnvodo7JP2tPxFlNG_0pLI@552x698.jpg\" style=\"margin:3px auto; display:block; clear:both;\" height=\"698\" width=\"552\" alt=\"\"\/> <\/span><span style=\"font-size: 8pt;\"><strong><span style=\"font-family: times new roman,times;\">JC, mars 2009, <em>Relique des Improbables<\/em>, photographies, papier calque, acrylique, crayon de couleur,<br \/>       image pieuse sous verre bomb\u00e9 achet\u00e9e sur Internet en novembre 2008, 15 x 18 cm<\/span><\/strong><\/span>     <\/div>\n<p><span style=\"font-family: arial black,avant garde;\"><\/p>\n<p>     <span style=\"color: #ff00ff;\"><span style=\"font-size: 14pt;\"><span style=\"font-family: times new roman,times;\"><strong><\/p>\n<p>     \u00c9tant donn\u00e9 un Cr\u00e2ne, frivole, sale, m\u00e9chant, vicieux et menteur,<br \/>     manifestation des activit\u00e9s monomaniaques<br \/>     d&rsquo;un Capitaine m\u00e9cr\u00e9ant&#8230;<\/p>\n<p><\/strong><\/span><\/span><\/span><\/span>   <\/div>\n","protected":false},"excerpt":{"rendered":"<p>Z\u00c9RO NEUF Z\u00c9RO TROIS Z\u00c9RO NEUFExercice d&rsquo; Improbabilit\u00e9 JC, mars 2009, Relique des Improbables, photographies, papier calque, acrylique, crayon de couleur, image pieuse sous verre bomb\u00e9 achet\u00e9e sur Internet en novembre 2008, 15 x 18 cm \u00c9tant donn\u00e9 un Cr\u00e2ne, frivole, sale, m\u00e9chant, vicieux et menteur, manifestation des activit\u00e9s monomaniaques d&rsquo;un Capitaine m\u00e9cr\u00e9ant&#8230;<\/p>\n","protected":false},"author":2,"featured_media":0,"comment_status":"open","ping_status":"open","sticky":false,"template":"","format":"standard","meta":{"footnotes":""},"categories":[164],"tags":[],"class_list":["post-662","post","type-post","status-publish","format-standard","hentry","category-les-reliques-plutot-louches"],"post_mailing_queue_ids":[],"_links":{"self":[{"href":"https:\/\/juliettecharpentier.fr\/gertrudes\/wp-json\/wp\/v2\/posts\/662","targetHints":{"allow":["GET"]}}],"collection":[{"href":"https:\/\/juliettecharpentier.fr\/gertrudes\/wp-json\/wp\/v2\/posts"}],"about":[{"href":"https:\/\/juliettecharpentier.fr\/gertrudes\/wp-json\/wp\/v2\/types\/post"}],"author":[{"embeddable":true,"href":"https:\/\/juliettecharpentier.fr\/gertrudes\/wp-json\/wp\/v2\/users\/2"}],"replies":[{"embeddable":true,"href":"https:\/\/juliettecharpentier.fr\/gertrudes\/wp-json\/wp\/v2\/comments?post=662"}],"version-history":[{"count":0,"href":"https:\/\/juliettecharpentier.fr\/gertrudes\/wp-json\/wp\/v2\/posts\/662\/revisions"}],"wp:attachment":[{"href":"https:\/\/juliettecharpentier.fr\/gertrudes\/wp-json\/wp\/v2\/media?parent=662"}],"wp:term":[{"taxonomy":"category","embeddable":true,"href":"https:\/\/juliettecharpentier.fr\/gertrudes\/wp-json\/wp\/v2\/categories?post=662"},{"taxonomy":"post_tag","embeddable":true,"href":"https:\/\/juliettecharpentier.fr\/gertrudes\/wp-json\/wp\/v2\/tags?post=662"}],"curies":[{"name":"wp","href":"https:\/\/api.w.org\/{rel}","templated":true}]}}