{"id":680,"date":"2009-05-30T08:30:02","date_gmt":"2009-05-30T06:30:02","guid":{"rendered":"http:\/\/juliettecharpentier.fr\/gertrudes\/2009\/05\/30\/veuillez-nous-excuser-de-cette-interruption-des-programmes-a108949454\/"},"modified":"2009-05-30T08:30:02","modified_gmt":"2009-05-30T06:30:02","slug":"veuillez-nous-excuser-de-cette-interruption-des-programmes-a108949454","status":"publish","type":"post","link":"https:\/\/juliettecharpentier.fr\/gertrudes\/veuillez-nous-excuser-de-cette-interruption-des-programmes-a108949454\/","title":{"rendered":"Veuillez nous excuser de cette interruption des programmes."},"content":{"rendered":"<div style=\"text-align: center;\">     <span style=\"font-size: 14pt;\"><span style=\"font-family: arial black,avant garde;\"><strong><br \/>     <span style=\"color: #ff00ff;\">La machine \u00e0 coudre est en panne.<\/span><\/strong><\/span><\/span><span style=\"color: #ff00ff;\"><br \/>     <span style=\"font-size: 14pt;\"><span style=\"font-family: arial black,avant garde;\"><strong>Nous mettons tout en oeuvre pour la r\u00e9parer.<\/strong><\/span><\/span><br \/>     <span style=\"font-size: 14pt;\"><span style=\"font-family: arial black,avant garde;\"><strong>En attendant nous vous offrons<br \/>     une vid\u00e9o d&rsquo;archive,<\/strong><\/span><\/span><br \/>     <span style=\"font-size: 14pt;\"><span style=\"font-family: arial black,avant garde;\"><strong>un ouvrage fait main et une musique douce<br \/>     pour meubler le silence<\/strong><\/span><\/span><br \/><\/span><\/p><\/div>\n<p>   <\/p>\n<div>\n<div>\n<div>\n<div style=\"text-align: center;\">\n<div>\n<div>\n<div>                 <strong><object type=\"application\/x-shockwave-flash\" height=\"358\" width=\"430\" data=\"http:\/\/www.wat.tv\/swf2\/3500333JiumDf1554115\"><param name=\"allowScriptAccess\" value=\"never\"><param name=\"allowFullScreen\" value=\"true\"><param name=\"src\" value=\"http:\/\/www.wat.tv\/swf2\/3500333JiumDf1554115\"><param name=\"allowfullscreen\" value=\"true\"><\/param><\/param><\/param><\/param><\/object><\/strong>               <\/div>\n<\/p><\/div>\n<\/p><\/div>\n<\/p><\/div>\n<\/p><\/div>\n<\/p><\/div>\n<\/p><\/div>\n<div style=\"text-align: center;\">     <span style=\"font-size: 12pt;\"><span style=\"font-family: arial black,avant garde;\"><strong>Performance publi\u00e9e le <a href=\"http:\/\/gertruderosecelavi.over-blog.com\/article-22686248.html\">12\/09\/2008<\/a><\/strong><\/span><\/span><\/p><\/div>\n","protected":false},"excerpt":{"rendered":"<p>La machine \u00e0 coudre est en panne. Nous mettons tout en oeuvre pour la r\u00e9parer. En attendant nous vous offrons une vid\u00e9o d&rsquo;archive, un ouvrage fait main et une musique douce pour meubler le silence Performance publi\u00e9e le 12\/09\/2008<\/p>\n","protected":false},"author":2,"featured_media":0,"comment_status":"open","ping_status":"open","sticky":false,"template":"","format":"standard","meta":{"footnotes":""},"categories":[118],"tags":[],"class_list":["post-680","post","type-post","status-publish","format-standard","hentry","category-recyclage"],"post_mailing_queue_ids":[],"_links":{"self":[{"href":"https:\/\/juliettecharpentier.fr\/gertrudes\/wp-json\/wp\/v2\/posts\/680","targetHints":{"allow":["GET"]}}],"collection":[{"href":"https:\/\/juliettecharpentier.fr\/gertrudes\/wp-json\/wp\/v2\/posts"}],"about":[{"href":"https:\/\/juliettecharpentier.fr\/gertrudes\/wp-json\/wp\/v2\/types\/post"}],"author":[{"embeddable":true,"href":"https:\/\/juliettecharpentier.fr\/gertrudes\/wp-json\/wp\/v2\/users\/2"}],"replies":[{"embeddable":true,"href":"https:\/\/juliettecharpentier.fr\/gertrudes\/wp-json\/wp\/v2\/comments?post=680"}],"version-history":[{"count":0,"href":"https:\/\/juliettecharpentier.fr\/gertrudes\/wp-json\/wp\/v2\/posts\/680\/revisions"}],"wp:attachment":[{"href":"https:\/\/juliettecharpentier.fr\/gertrudes\/wp-json\/wp\/v2\/media?parent=680"}],"wp:term":[{"taxonomy":"category","embeddable":true,"href":"https:\/\/juliettecharpentier.fr\/gertrudes\/wp-json\/wp\/v2\/categories?post=680"},{"taxonomy":"post_tag","embeddable":true,"href":"https:\/\/juliettecharpentier.fr\/gertrudes\/wp-json\/wp\/v2\/tags?post=680"}],"curies":[{"name":"wp","href":"https:\/\/api.w.org\/{rel}","templated":true}]}}