{"id":708,"date":"2008-10-12T00:00:00","date_gmt":"2008-10-11T22:00:00","guid":{"rendered":"http:\/\/juliettecharpentier.fr\/gertrudes\/2008\/10\/12\/anatomie-topographie-n-7-a108940436\/"},"modified":"2008-10-12T00:00:00","modified_gmt":"2008-10-11T22:00:00","slug":"anatomie-topographie-n-7-a108940436","status":"publish","type":"post","link":"https:\/\/juliettecharpentier.fr\/gertrudes\/anatomie-topographie-n-7-a108940436\/","title":{"rendered":"Anatomie. Topographie n\u00b07."},"content":{"rendered":"<div style=\"text-align: right;\">      <img loading=\"lazy\" decoding=\"async\" src=\"https:\/\/juliettecharpentier.fr\/gertrudes\/wp-content\/uploads\/2016\/04\/C_2bHBsS_WxUJqiNDm1uCnAP6oI@419x599.jpg\" style=\"margin:3px auto; display:block; clear:both;\" height=\"599\" width=\"419\" alt=\"\"\/> <span style=\"font-family: times new roman; font-size: 18pt;\"><strong><span style=\"font-size: 8pt;\">Juliette<\/span> <span style=\"font-size: 8pt;\">Charpentier,<\/span> <em><span style=\"font-size: 8pt;\">D\u00e9tail de Gertrude,<\/span><\/em><\/strong><\/span>   <\/div>\n<div style=\"text-align: right;\">     <span style=\"font-family: times new roman; font-size: 18pt;\"><strong><span style=\"font-size: 8pt;\">13 x 16 cm, mine de plomb.<\/p>\n<p><\/span><\/strong><\/span>     <\/p>\n<div style=\"text-align: left;\">       <span style=\"font-family: times new roman; font-size: 18pt;\"><strong><em><span style=\"font-family: times new roman,times;\"><span style=\"font-size: 14pt;\"><br \/>       <span style=\"font-size: 18pt;\">Imaginons pendant quelques secondes que je ne puisse plus reconna\u00eetre les limites actuelles de mon ombre et de ce qu&rsquo;on nomme \u00e0 tort ou \u00e0 raison (mais plut\u00f4t \u00e0       tort) ma v\u00e9rit\u00e9.<\/span><\/span><\/p>\n<p><\/span><\/em><\/strong><\/span>       <\/p>\n<div style=\"text-align: right;\">         <span style=\"font-family: times new roman; font-size: 18pt;\"><strong><span style=\"font-size: 10pt;\"><span style=\"font-family: times new roman,times;\">Philippe Soupault,<\/span> <em><span style=\"font-family: times new roman,times;\">L&rsquo;Ombre de l&rsquo;Ombre<\/span><\/em> <span style=\"font-family: times new roman,times;\">in<\/span> <em><span style=\"font-family: times new roman,times;\">La         R\u00e9volution surr\u00e9aliste.<\/p>\n<p><\/span><\/em><\/span><\/strong><\/span>       <\/div>\n<\/p><\/div>\n<\/p><\/div>\n","protected":false},"excerpt":{"rendered":"<p>Juliette Charpentier, D\u00e9tail de Gertrude, 13 x 16 cm, mine de plomb. Imaginons pendant quelques secondes que je ne puisse plus reconna\u00eetre les limites actuelles de mon ombre et de ce qu&rsquo;on nomme \u00e0 tort ou \u00e0 raison (mais plut\u00f4t \u00e0 tort) ma v\u00e9rit\u00e9. Philippe Soupault, L&rsquo;Ombre de l&rsquo;Ombre in La R\u00e9volution surr\u00e9aliste.<\/p>\n","protected":false},"author":3,"featured_media":0,"comment_status":"open","ping_status":"open","sticky":false,"template":"","format":"standard","meta":{"footnotes":""},"categories":[181],"tags":[],"class_list":["post-708","post","type-post","status-publish","format-standard","hentry","category-le-noir-lui-va-si-bien"],"post_mailing_queue_ids":[],"_links":{"self":[{"href":"https:\/\/juliettecharpentier.fr\/gertrudes\/wp-json\/wp\/v2\/posts\/708","targetHints":{"allow":["GET"]}}],"collection":[{"href":"https:\/\/juliettecharpentier.fr\/gertrudes\/wp-json\/wp\/v2\/posts"}],"about":[{"href":"https:\/\/juliettecharpentier.fr\/gertrudes\/wp-json\/wp\/v2\/types\/post"}],"author":[{"embeddable":true,"href":"https:\/\/juliettecharpentier.fr\/gertrudes\/wp-json\/wp\/v2\/users\/3"}],"replies":[{"embeddable":true,"href":"https:\/\/juliettecharpentier.fr\/gertrudes\/wp-json\/wp\/v2\/comments?post=708"}],"version-history":[{"count":0,"href":"https:\/\/juliettecharpentier.fr\/gertrudes\/wp-json\/wp\/v2\/posts\/708\/revisions"}],"wp:attachment":[{"href":"https:\/\/juliettecharpentier.fr\/gertrudes\/wp-json\/wp\/v2\/media?parent=708"}],"wp:term":[{"taxonomy":"category","embeddable":true,"href":"https:\/\/juliettecharpentier.fr\/gertrudes\/wp-json\/wp\/v2\/categories?post=708"},{"taxonomy":"post_tag","embeddable":true,"href":"https:\/\/juliettecharpentier.fr\/gertrudes\/wp-json\/wp\/v2\/tags?post=708"}],"curies":[{"name":"wp","href":"https:\/\/api.w.org\/{rel}","templated":true}]}}