{"id":734,"date":"2014-04-03T00:00:00","date_gmt":"2014-04-02T22:00:00","guid":{"rendered":"http:\/\/juliettecharpentier.fr\/gertrudes\/2014\/04\/03\/composition-poietique-en-boite-n-5-la-moyenne-boite-a108940612\/"},"modified":"2014-04-03T00:00:00","modified_gmt":"2014-04-02T22:00:00","slug":"composition-poietique-en-boite-n-5-la-moyenne-boite-a108940612","status":"publish","type":"post","link":"https:\/\/juliettecharpentier.fr\/gertrudes\/composition-poietique-en-boite-n-5-la-moyenne-boite-a108940612\/","title":{"rendered":"CompOSition Po\u00ef\u00e9tique en Bo\u00eete n\u00b05: La Moyenne Bo\u00eete"},"content":{"rendered":"<p>&nbsp;<\/p>\n<p>&nbsp;<\/p>\n<p style=\"text-align: center;\"><span style=\"font-family: arial black,avant garde; font-size: 24pt;\">La Moyenne Bo&icirc;te<\/span><\/p>\n<p style=\"text-align: center;\"><span style=\"font-family: arial black,avant garde; font-size: 24pt;\">n&rsquo;est ni grande ni petite<\/span><\/p>\n<p style=\"text-align: center;\"><span style=\"font-family: arial black,avant garde; font-size: 24pt;\">mais juste dans la moyenne<\/span><\/p>\n<p style=\"text-align: center;\"><span style=\"font-family: arial black,avant garde; font-size: 24pt;\">des tons moyens<\/span><\/p>\n<p style=\"text-align: center;\"><span style=\"font-family: arial black,avant garde; font-size: 24pt;\">et des repr&eacute;sentations<\/span><\/p>\n<p style=\"text-align: center;\"><span style=\"font-family: arial black,avant garde; font-size: 24pt;\">tr&egrave;s moyennes<\/span><\/p>\n<p style=\"text-align: center;\">&nbsp;<\/p>\n<p style=\"text-align: center;\"><span style=\"font-family: arial black,avant garde; font-size: 24pt;\">&nbsp;<\/span><\/p>\n<p><img loading=\"lazy\" decoding=\"async\" style=\"margin: 3px auto; display: block; clear: both;\" src=\"https:\/\/juliettecharpentier.fr\/gertrudes\/wp-content\/uploads\/2016\/04\/C5HqPO63alsRQTiQSSXQ1tWxQis@600x450.jpg\" alt=\"img_7360.jpg\" width=\"600\" height=\"450\"\/><\/p>\n<p>&nbsp;<\/p>\n<p style=\"text-align: center;\"><span style=\"font-family: arial black,avant garde; font-size: 24pt;\">Cela fait six ans et trois mois<\/span><\/p>\n<p style=\"text-align: center;\"><span style=\"font-family: arial black,avant garde; font-size: 24pt;\">que Gertrude<\/span><\/p>\n<p style=\"text-align: center;\"><span style=\"font-family: arial black,avant garde; font-size: 24pt;\">se donne les moyens d&rsquo;en rire<\/span><\/p>\n<p style=\"text-align: center;\"><span style=\"font-family: arial black,avant garde; font-size: 24pt;\">&nbsp;<\/span><\/p>\n<p>&nbsp;<\/p>\n<p><img loading=\"lazy\" decoding=\"async\" style=\"margin: 3px auto; display: block; clear: both;\" src=\"https:\/\/juliettecharpentier.fr\/gertrudes\/wp-content\/uploads\/2016\/04\/recpYOyFoADrQnxI7GFlktXMO20@500x430.jpg\" alt=\"img_7355.jpg\" width=\"500\" height=\"430\"\/><\/p>\n<p style=\"text-align: right;\"><strong><span style=\"font-family: times new roman,times; font-size: 8pt;\">JC, <em>La Moyenne Bo&icirc;te<\/em>,<\/span><\/strong><\/p>\n<p style=\"text-align: right;\"><strong><span style=\"font-family: times new roman,times; font-size: 8pt;\">crayon, acrylique, pi&egrave;ce de dix centimes de franc, papier quadrill&eacute; d&rsquo;&eacute;colier, effigie st&eacute;r&eacute;otyp&eacute;e de t&ecirc;te de mort en carton bouilli, boite en carton de r&eacute;cup&eacute;ration,<\/span><\/strong><\/p>\n<p style=\"text-align: right;\"><strong><span style=\"font-family: times new roman,times; font-size: 8pt;\">17 x 17 x 4,5.<\/span><\/strong><\/p>\n<p style=\"text-align: right;\">&nbsp;<\/p>\n<p><img loading=\"lazy\" decoding=\"async\" style=\"margin: 3px auto; display: block; clear: both;\" src=\"https:\/\/juliettecharpentier.fr\/gertrudes\/wp-content\/uploads\/2016\/04\/EOMGXoL9roRPUgA9iO6VfKqb8WA@500x375.jpg\" alt=\"img_7358.jpg\" width=\"500\" height=\"375\"\/><\/p>\n<p>&nbsp;<\/p>\n<p style=\"text-align: center;\"><span style=\"font-family: arial black,avant garde; font-size: 18pt;\">La plus grande c&rsquo;est Gertrude<\/span><\/p>\n<p style=\"text-align: center;\"><span style=\"font-family: arial black,avant garde; font-size: 18pt;\">m&ecirc;me si la Rose en rit<\/span><\/p>\n<p style=\"text-align: center;\"><span style=\"font-family: arial black,avant garde; font-size: 18pt;\">et veut &ecirc;tre Gertrude &agrave; la place de Gertrude<\/span><\/p>\n<p style=\"text-align: center;\">&nbsp;<\/p>\n<p style=\"text-align: center;\">&nbsp;<\/p>\n<p style=\"text-align: center;\">&nbsp;<\/p>\n<p style=\"text-align: center;\">&nbsp;<\/p>\n","protected":false},"excerpt":{"rendered":"<p>&nbsp; &nbsp; La Moyenne Bo&icirc;te n&rsquo;est ni grande ni petite mais juste dans la moyenne des tons moyens et des repr&eacute;sentations tr&egrave;s moyennes &nbsp; &nbsp; &nbsp; Cela fait six ans et trois mois que Gertrude se donne les moyens d&rsquo;en rire &nbsp; &nbsp; JC, La Moyenne Bo&icirc;te, crayon, acrylique, pi&egrave;ce de dix centimes de franc, &hellip; <a href=\"https:\/\/juliettecharpentier.fr\/gertrudes\/composition-poietique-en-boite-n-5-la-moyenne-boite-a108940612\/\" class=\"more-link\">Continuer la lecture<span class=\"screen-reader-text\"> de &laquo;&nbsp;CompOSition Po\u00ef\u00e9tique en Bo\u00eete n\u00b05: La Moyenne Bo\u00eete&nbsp;&raquo;<\/span><\/a><\/p>\n","protected":false},"author":3,"featured_media":0,"comment_status":"open","ping_status":"open","sticky":false,"template":"","format":"standard","meta":{"footnotes":""},"categories":[183],"tags":[],"class_list":["post-734","post","type-post","status-publish","format-standard","hentry","category-rayon-mathematiques"],"post_mailing_queue_ids":[],"_links":{"self":[{"href":"https:\/\/juliettecharpentier.fr\/gertrudes\/wp-json\/wp\/v2\/posts\/734","targetHints":{"allow":["GET"]}}],"collection":[{"href":"https:\/\/juliettecharpentier.fr\/gertrudes\/wp-json\/wp\/v2\/posts"}],"about":[{"href":"https:\/\/juliettecharpentier.fr\/gertrudes\/wp-json\/wp\/v2\/types\/post"}],"author":[{"embeddable":true,"href":"https:\/\/juliettecharpentier.fr\/gertrudes\/wp-json\/wp\/v2\/users\/3"}],"replies":[{"embeddable":true,"href":"https:\/\/juliettecharpentier.fr\/gertrudes\/wp-json\/wp\/v2\/comments?post=734"}],"version-history":[{"count":0,"href":"https:\/\/juliettecharpentier.fr\/gertrudes\/wp-json\/wp\/v2\/posts\/734\/revisions"}],"wp:attachment":[{"href":"https:\/\/juliettecharpentier.fr\/gertrudes\/wp-json\/wp\/v2\/media?parent=734"}],"wp:term":[{"taxonomy":"category","embeddable":true,"href":"https:\/\/juliettecharpentier.fr\/gertrudes\/wp-json\/wp\/v2\/categories?post=734"},{"taxonomy":"post_tag","embeddable":true,"href":"https:\/\/juliettecharpentier.fr\/gertrudes\/wp-json\/wp\/v2\/tags?post=734"}],"curies":[{"name":"wp","href":"https:\/\/api.w.org\/{rel}","templated":true}]}}