{"id":749,"date":"2009-04-12T08:45:00","date_gmt":"2009-04-12T06:45:00","guid":{"rendered":"http:\/\/juliettecharpentier.fr\/gertrudes\/2009\/04\/12\/economie-d-energie-a108940350\/"},"modified":"2009-04-12T08:45:00","modified_gmt":"2009-04-12T06:45:00","slug":"economie-d-energie-a108940350","status":"publish","type":"post","link":"https:\/\/juliettecharpentier.fr\/gertrudes\/economie-d-energie-a108940350\/","title":{"rendered":"\u00c9conomie d&rsquo;\u00e9nergie"},"content":{"rendered":"<div style=\"text-align: center;\">     <span style=\"font-size: 24pt;\"><span style=\"font-family: arial black,avant garde;\"><strong><br \/>     La Face Noire de ce Triblog<\/strong><\/span><\/span><br \/>     <span style=\"font-size: 24pt;\"><span style=\"font-family: arial black,avant garde;\"><strong>est charg\u00e9e de vous dire que<\/strong><\/span><\/span><br \/>     <span style=\"font-size: 24pt;\"><span style=\"font-family: arial black,avant garde;\"><strong>Gertrude marche \u00e0 l&rsquo;Ombre<\/strong><\/span><\/span><br \/>     <span style=\"font-size: 24pt;\"><span style=\"font-family: arial black,avant garde;\"><strong>pendant quelques Temps<\/strong><\/span><\/span><\/p><\/div>\n<p>   <\/p>\n<div style=\"text-align: right;\">      <img loading=\"lazy\" decoding=\"async\" src=\"https:\/\/juliettecharpentier.fr\/gertrudes\/wp-content\/uploads\/2016\/04\/5FgqRekDY8CYlbIzviF__WM9NzE@565x424.jpg\" style=\"margin:3px auto; display:block; clear:both;\" height=\"424\" width=\"565\" alt=\"\"\/> <span style=\"font-size: 8pt;\"><span style=\"font-family: times new roman,times;\"><strong>JC,     <em>Paris<\/em>, avril 2009<\/strong><\/span><\/span><\/p>\n<div style=\"text-align: center;\">       <span style=\"font-size: 10pt;\"><span style=\"font-family: times new roman,times;\"><em><strong>Le Capitaine vous souhaite une bonne travers\u00e9e<\/strong><\/em><\/span><br \/>       <span style=\"font-family: times new roman,times;\"><em><strong>sur son<br \/><\/strong><\/em><\/span><a href=\"https:\/\/juliettecharpentier.fr\/gertrudes\"><span style=\"font-family: times new roman,times;\"><em><strong>Cyber-Rafiot<\/strong><\/em><\/span><\/a><\/span><\/p>\n<p>     <\/div>\n<\/p><\/div>\n","protected":false},"excerpt":{"rendered":"<p>La Face Noire de ce Triblog est charg\u00e9e de vous dire que Gertrude marche \u00e0 l&rsquo;Ombre pendant quelques Temps JC, Paris, avril 2009 Le Capitaine vous souhaite une bonne travers\u00e9e sur sonCyber-Rafiot<\/p>\n","protected":false},"author":3,"featured_media":0,"comment_status":"open","ping_status":"open","sticky":false,"template":"","format":"standard","meta":{"footnotes":""},"categories":[187],"tags":[],"class_list":["post-749","post","type-post","status-publish","format-standard","hentry","category-camera-obscura"],"post_mailing_queue_ids":[],"_links":{"self":[{"href":"https:\/\/juliettecharpentier.fr\/gertrudes\/wp-json\/wp\/v2\/posts\/749","targetHints":{"allow":["GET"]}}],"collection":[{"href":"https:\/\/juliettecharpentier.fr\/gertrudes\/wp-json\/wp\/v2\/posts"}],"about":[{"href":"https:\/\/juliettecharpentier.fr\/gertrudes\/wp-json\/wp\/v2\/types\/post"}],"author":[{"embeddable":true,"href":"https:\/\/juliettecharpentier.fr\/gertrudes\/wp-json\/wp\/v2\/users\/3"}],"replies":[{"embeddable":true,"href":"https:\/\/juliettecharpentier.fr\/gertrudes\/wp-json\/wp\/v2\/comments?post=749"}],"version-history":[{"count":0,"href":"https:\/\/juliettecharpentier.fr\/gertrudes\/wp-json\/wp\/v2\/posts\/749\/revisions"}],"wp:attachment":[{"href":"https:\/\/juliettecharpentier.fr\/gertrudes\/wp-json\/wp\/v2\/media?parent=749"}],"wp:term":[{"taxonomy":"category","embeddable":true,"href":"https:\/\/juliettecharpentier.fr\/gertrudes\/wp-json\/wp\/v2\/categories?post=749"},{"taxonomy":"post_tag","embeddable":true,"href":"https:\/\/juliettecharpentier.fr\/gertrudes\/wp-json\/wp\/v2\/tags?post=749"}],"curies":[{"name":"wp","href":"https:\/\/api.w.org\/{rel}","templated":true}]}}