{"id":759,"date":"2008-09-03T00:08:00","date_gmt":"2008-09-02T22:08:00","guid":{"rendered":"http:\/\/juliettecharpentier.fr\/gertrudes\/2008\/09\/03\/eternite-a108940314\/"},"modified":"2008-09-03T00:08:00","modified_gmt":"2008-09-02T22:08:00","slug":"eternite-a108940314","status":"publish","type":"post","link":"https:\/\/juliettecharpentier.fr\/gertrudes\/eternite-a108940314\/","title":{"rendered":"\u00c9ternit\u00e9."},"content":{"rendered":"<p>   <\/p>\n<div style=\"text-align: right;\">      <img loading=\"lazy\" decoding=\"async\" src=\"https:\/\/juliettecharpentier.fr\/gertrudes\/wp-content\/uploads\/2016\/04\/kX1A3-dp9dkWb7zmSACGeDo95I0@600x483.jpg\" style=\"margin:3px auto; display:block; clear:both;\" height=\"483\" width=\"600\" alt=\"\"\/> <strong><span style=\"font-size: 8pt;\">Juliette Charpentier, 1982.<\/p>\n<p><\/span><\/strong>   <\/div>\n<p><span style=\"font-size: 18pt;\"><em><span style=\"font-family: arial black;\">&nbsp;&nbsp;&nbsp; &nbsp;&nbsp;&nbsp; et d&rsquo;o\u00f9 vient, penseurs sombres,<br \/>   Cette s\u00e9r\u00e9nit\u00e9 formidable des morts?<\/p>\n<p><\/span><\/em><\/span>   <\/p>\n<div style=\"text-align: right;\">     <strong>Victor Hugo, <em>Les contemplations<\/em>, 1856.<\/p>\n<p><\/strong>   <\/div>\n","protected":false},"excerpt":{"rendered":"<p>Juliette Charpentier, 1982. &nbsp;&nbsp;&nbsp; &nbsp;&nbsp;&nbsp; et d&rsquo;o\u00f9 vient, penseurs sombres, Cette s\u00e9r\u00e9nit\u00e9 formidable des morts? Victor Hugo, Les contemplations, 1856.<\/p>\n","protected":false},"author":3,"featured_media":0,"comment_status":"open","ping_status":"open","sticky":false,"template":"","format":"standard","meta":{"footnotes":""},"categories":[199],"tags":[],"class_list":["post-759","post","type-post","status-publish","format-standard","hentry","category-noir-dessin"],"post_mailing_queue_ids":[],"_links":{"self":[{"href":"https:\/\/juliettecharpentier.fr\/gertrudes\/wp-json\/wp\/v2\/posts\/759","targetHints":{"allow":["GET"]}}],"collection":[{"href":"https:\/\/juliettecharpentier.fr\/gertrudes\/wp-json\/wp\/v2\/posts"}],"about":[{"href":"https:\/\/juliettecharpentier.fr\/gertrudes\/wp-json\/wp\/v2\/types\/post"}],"author":[{"embeddable":true,"href":"https:\/\/juliettecharpentier.fr\/gertrudes\/wp-json\/wp\/v2\/users\/3"}],"replies":[{"embeddable":true,"href":"https:\/\/juliettecharpentier.fr\/gertrudes\/wp-json\/wp\/v2\/comments?post=759"}],"version-history":[{"count":0,"href":"https:\/\/juliettecharpentier.fr\/gertrudes\/wp-json\/wp\/v2\/posts\/759\/revisions"}],"wp:attachment":[{"href":"https:\/\/juliettecharpentier.fr\/gertrudes\/wp-json\/wp\/v2\/media?parent=759"}],"wp:term":[{"taxonomy":"category","embeddable":true,"href":"https:\/\/juliettecharpentier.fr\/gertrudes\/wp-json\/wp\/v2\/categories?post=759"},{"taxonomy":"post_tag","embeddable":true,"href":"https:\/\/juliettecharpentier.fr\/gertrudes\/wp-json\/wp\/v2\/tags?post=759"}],"curies":[{"name":"wp","href":"https:\/\/api.w.org\/{rel}","templated":true}]}}