{"id":766,"date":"2010-03-22T00:00:00","date_gmt":"2010-03-21T23:00:00","guid":{"rendered":"http:\/\/juliettecharpentier.fr\/gertrudes\/2010\/03\/22\/gertrude-a108940492\/"},"modified":"2010-03-22T00:00:00","modified_gmt":"2010-03-21T23:00:00","slug":"gertrude-a108940492","status":"publish","type":"post","link":"https:\/\/juliettecharpentier.fr\/gertrudes\/gertrude-a108940492\/","title":{"rendered":"Gertrude&#8230;"},"content":{"rendered":"<p style=\"text-align: center;\">     <span style=\"font-size: 24pt;\"><span style=\"font-family: arial black,avant garde;\"><strong><br \/><\/strong><\/span><\/span>   <\/p>\n<p style=\"text-align: center;\">     <span style=\"font-size: 24pt;\"><span style=\"font-family: arial black,avant garde;\"><strong>\u2026se nourrit d\u2019elle-m\u00eame&#8230;<\/strong><\/span><\/span>   <\/p>\n<p style=\"text-align: center;\">     <span style=\"font-size: 24pt;\"><span style=\"font-family: arial black,avant garde;\"><strong><br \/><\/strong><\/span><\/span>   <\/p>\n<div style=\"text-align: center;\">\n<p style=\"text-align: left;\">       <span style=\"font-size: 14pt;\"><span style=\"font-family: arial black,avant garde;\"><strong>Cette vid\u00e9o initialement intitul\u00e9e \u00ab\u00a0Course parisienne\u00a0\u00bb a d\u00e9j\u00e0 \u00e9t\u00e9 diffus\u00e9e le 30 avril&nbsp; 2008 pour       d\u00e9montrer qu\u2019un Capitaine avait la m\u00eame d\u00e9marche que Monsieur Hulot dans un film de Jacques Tati, et pour faire surgir de cette posture d\u00e9rivante quelques implications       magn\u00e9tiques.<br \/><\/strong><\/span><\/span>     <\/p>\n<p style=\"text-align: left;\">       <span style=\"font-size: 14pt;\"><span style=\"font-family: arial black,avant garde;\"><strong><br \/><\/strong><\/span><\/span>     <\/p>\n<p style=\"text-align: left;\">       <span style=\"font-size: 14pt;\"><span style=\"font-family: arial black,avant garde;\"><strong>Depuis, de la publicit\u00e9 est apparue au d\u00e9but de cette vid\u00e9o, compl\u00e8tement&nbsp; en dehors de ma volont\u00e9.       J\u2019en ai d\u2019abord ressenti de la col\u00e8re, puis j\u2019ai pens\u00e9 que la survenue intempestive&nbsp; de ces annonces n\u2019\u00e9tait pas moins fortuite que chaque son de ce petit film.<\/strong><\/span><\/span>     <\/p>\n<p style=\"text-align: left;\">       &nbsp;     <\/p>\n<div style=\"text-align: left;\">       <span style=\"font-size: 14pt;\"><span style=\"font-family: arial black,avant garde;\"><strong>Rien n\u2019\u00e9tait pr\u00e9vu, mais rien ne sera laiss\u00e9 au hasard.<\/strong><\/span><\/span>     <\/div>\n<p style=\"text-align: left;\">       &nbsp;     <\/p>\n<div style=\"text-align: left;\">       <!--EndFragment--><\/p>\n<p>     <\/div>\n<p>     <\/p>\n<div>\n<div style=\"text-align: center;\">\n<div>\n<div>\n<div>\n<div>\n<div>\n<div>                     <object type=\"application\/x-shockwave-flash\" id=\"wat_3955517\" height=\"312\" width=\"470\" data=\"http:\/\/www.wat.tv\/swf2\/204428nIc0K113955517\"><param name=\"allowScriptAccess\" value=\"never\"><param name=\"allowFullScreen\" value=\"true\"><param name=\"src\" value=\"http:\/\/www.wat.tv\/swf2\/204428nIc0K113955517\"><param name=\"allowfullscreen\" value=\"true\"><\/param><\/param><\/param><\/param><\/object>                     <\/p>\n<div style=\"text-align: right;\">                       <em><span style=\"font-family: times new roman,times;\"><strong><span style=\"color: #ff0000;\"><span style=\"color: #000000;\">Enregistrement audio r\u00e9alis\u00e9 lors d&rsquo;un parcours entre la Rue                       Vauvenargues et l&rsquo;Avenue des Ternes,<\/span><\/span><\/strong><\/span><\/em>                     <\/div>\n<div style=\"text-align: right;\">\n<div style=\"text-align: right;\">                         <span style=\"font-size: 8pt;\"><em><span style=\"font-family: times new roman,times;\"><strong><span style=\"color: #ff0000;\"><span style=\"color: #000000;\">Paris, le mardi 22 avril                         2008 vers 15 heures.<\/span><\/span><\/strong><\/span><\/em><\/span><\/p><\/div>\n<p>                     <\/div>\n<\/p><\/div>\n<\/p><\/div>\n<\/p><\/div>\n<\/p><\/div>\n<\/p><\/div>\n<\/p><\/div>\n<\/p><\/div>\n<\/p><\/div>\n<\/p><\/div>\n<p>&lt;script type=\u00a0\u00bbtext\/javascript\u00a0\u00bb&gt; \/\/ &lt;![CDATA[ var gaJsHost = ((\u00ab\u00a0https:\u00a0\u00bb == document.location.protocol) ? \u00ab\u00a0https:\/\/ssl.\u00a0\u00bb : \u00ab\u00a0http:\/\/www.\u00a0\u00bb); document.write(unescape(\u00ab\u00a0%3Cscript src='\u00a0\u00bb + gaJsHost + \u00ab\u00a0google-analytics.com\/ga.js&rsquo; type=&rsquo;text\/javascript&rsquo;%3E%3C\/script%3E\u00a0\u00bb)); \/\/]]&gt; &lt;\/script&gt;&lt;script type=\u00a0\u00bbtext\/javascript\u00a0\u00bb&gt; \/\/ &lt;![CDATA[ try { var pageTracker = _gat._getTracker(\u00ab\u00a0UA-6900860-3\u00a0\u00bb); pageTracker._trackPageview(); } catch(err) {} \/\/]]&gt; &lt;\/script&gt;<\/p>\n","protected":false},"excerpt":{"rendered":"<p>\u2026se nourrit d\u2019elle-m\u00eame&#8230; Cette vid\u00e9o initialement intitul\u00e9e \u00ab\u00a0Course parisienne\u00a0\u00bb a d\u00e9j\u00e0 \u00e9t\u00e9 diffus\u00e9e le 30 avril&nbsp; 2008 pour d\u00e9montrer qu\u2019un Capitaine avait la m\u00eame d\u00e9marche que Monsieur Hulot dans un film de Jacques Tati, et pour faire surgir de cette posture d\u00e9rivante quelques implications magn\u00e9tiques. Depuis, de la publicit\u00e9 est apparue au d\u00e9but de cette &hellip; <a href=\"https:\/\/juliettecharpentier.fr\/gertrudes\/gertrude-a108940492\/\" class=\"more-link\">Continuer la lecture<span class=\"screen-reader-text\"> de &laquo;&nbsp;Gertrude&#8230;&nbsp;&raquo;<\/span><\/a><\/p>\n","protected":false},"author":3,"featured_media":0,"comment_status":"open","ping_status":"open","sticky":false,"template":"","format":"standard","meta":{"footnotes":""},"categories":[195],"tags":[],"class_list":["post-766","post","type-post","status-publish","format-standard","hentry","category-champs-magnetiques"],"post_mailing_queue_ids":[],"_links":{"self":[{"href":"https:\/\/juliettecharpentier.fr\/gertrudes\/wp-json\/wp\/v2\/posts\/766","targetHints":{"allow":["GET"]}}],"collection":[{"href":"https:\/\/juliettecharpentier.fr\/gertrudes\/wp-json\/wp\/v2\/posts"}],"about":[{"href":"https:\/\/juliettecharpentier.fr\/gertrudes\/wp-json\/wp\/v2\/types\/post"}],"author":[{"embeddable":true,"href":"https:\/\/juliettecharpentier.fr\/gertrudes\/wp-json\/wp\/v2\/users\/3"}],"replies":[{"embeddable":true,"href":"https:\/\/juliettecharpentier.fr\/gertrudes\/wp-json\/wp\/v2\/comments?post=766"}],"version-history":[{"count":0,"href":"https:\/\/juliettecharpentier.fr\/gertrudes\/wp-json\/wp\/v2\/posts\/766\/revisions"}],"wp:attachment":[{"href":"https:\/\/juliettecharpentier.fr\/gertrudes\/wp-json\/wp\/v2\/media?parent=766"}],"wp:term":[{"taxonomy":"category","embeddable":true,"href":"https:\/\/juliettecharpentier.fr\/gertrudes\/wp-json\/wp\/v2\/categories?post=766"},{"taxonomy":"post_tag","embeddable":true,"href":"https:\/\/juliettecharpentier.fr\/gertrudes\/wp-json\/wp\/v2\/tags?post=766"}],"curies":[{"name":"wp","href":"https:\/\/api.w.org\/{rel}","templated":true}]}}