{"id":780,"date":"2010-09-09T00:00:00","date_gmt":"2010-09-08T22:00:00","guid":{"rendered":"http:\/\/juliettecharpentier.fr\/gertrudes\/2010\/09\/09\/gertrude-fait-la-morte-a108940380\/"},"modified":"2010-09-09T00:00:00","modified_gmt":"2010-09-08T22:00:00","slug":"gertrude-fait-la-morte-a108940380","status":"publish","type":"post","link":"https:\/\/juliettecharpentier.fr\/gertrudes\/gertrude-fait-la-morte-a108940380\/","title":{"rendered":"Gertrude fait la morte"},"content":{"rendered":"<p>     &nbsp;   <\/p>\n<p>     &nbsp;   <\/p>\n<p>     <img loading=\"lazy\" decoding=\"async\" src=\"https:\/\/juliettecharpentier.fr\/gertrudes\/wp-content\/uploads\/2016\/04\/YLm4kF-a14XoLl_FIz5TnOwNpMI.jpg\" style=\"margin:3px auto; display:block; clear:both;\" alt=\"img_0391.jpg\" height=\"375\" width=\"500\">   <\/img><\/p>\n<p>     &nbsp;   <\/p>\n<p>     <!--StartFragment-->   <\/p>\n<p>     &nbsp;   <\/p>\n<p>     &nbsp;   <\/p>\n<p>     <span style=\"font-family: times new roman,times; font-size: 14pt;\"><em><strong>J\u2019ai perdu ce pouvoir que j\u2019avais de s\u00e9parer les t\u00e9n\u00e8bres de la lumi\u00e8re, me m\u00e9nageant au prix de quelques tornades,     des ciels radieux. Mes r\u00e9voltes sont d\u00e9courag\u00e9es par l\u2019imminence de ma fin et la fatalit\u00e9 des d\u00e9gradations&nbsp;; mais aussi mes bonheurs ont p\u00e2li. La mort n\u2019est plus dans les lointains une     aventure brutale&nbsp;; elle hante mon sommeil&nbsp;; \u00e9veill\u00e9e, je sens son ombre entre le monde et moi&nbsp;: elle a d\u00e9j\u00e0 commenc\u00e9.<\/strong><\/em><\/span>   <\/p>\n<p style=\"text-align: right;\">     <span style=\"font-family: times new roman,times; font-size: 14pt;\"><strong>Simone de Beauvoir<\/strong><em><strong>, La force des choses.<\/strong><\/em><\/span>   <\/p>\n<p><!--EndFragment-->   <\/p>\n<p>     &nbsp;   <\/p>\n<p>     &nbsp;   <\/p>\n<p>     &nbsp;   <\/p>\n<p>     &nbsp;   <\/p>\n<p style=\"text-align: center;\">     &nbsp;   <\/p>\n<p style=\"text-align: center;\">     &nbsp;   <\/p>\n<p style=\"text-align: center;\">     &nbsp;   <\/p>\n<p style=\"text-align: center;\">     &nbsp;   <\/p>\n<p style=\"text-align: center;\">     &nbsp;   <\/p>\n<p style=\"text-align: center;\">     &nbsp;   <\/p>\n<p style=\"text-align: center;\">     <span style=\"font-family: arial black,avant garde; font-size: 18pt; color: #000000;\"><strong>Restez encore un peu:<\/strong><\/span>   <\/p>\n<p style=\"text-align: center;\">     <span style=\"font-family: arial black,avant garde; font-size: 18pt;\"><strong><a href=\"https:\/\/juliettecharpentier.fr\/gertrudes\">https:\/\/juliettecharpentier.fr\/gertrudes<\/a><a href=\"https:\/\/juliettecharpentier.fr\/gertrudes\"><br \/><\/a><\/strong><\/span>   <\/p>\n<p style=\"text-align: center;\">     <span style=\"font-family: arial black,avant garde; font-size: 18pt;\"><strong><a href=\"https:\/\/juliettecharpentier.fr\/gertrudes\">https:\/\/juliettecharpentier.fr\/gertrudes<\/a><a href=\"https:\/\/juliettecharpentier.fr\/gertrudes\"><br \/><\/a><\/strong><\/span>   <\/p>\n<p style=\"text-align: center;\">     <span style=\"font-family: arial black,avant garde; font-size: 18pt;\"><strong><a href=\"http:\/\/juliettecharpentier.over-blog.com\">juliettecharpentier.over-blog.com<\/a><\/strong><\/span>   <\/p>\n<p style=\"text-align: center;\">     <span style=\"font-family: arial black,avant garde; font-size: 18pt;\"><strong><a href=\"http:\/\/clemenceadhere.over-blog.org\">clemenceadhere.over-blog.org<\/a><\/strong><\/span>   <\/p>\n<p style=\"text-align: center;\">     &nbsp;   <\/p>\n<p style=\"text-align: center;\">     &nbsp;   <\/p>\n<p style=\"text-align: center;\">     &nbsp;   <\/p>\n<p style=\"text-align: center;\">     &nbsp;   <\/p>\n<p style=\"text-align: center;\">     <span style=\"font-family: arial black,avant garde; font-size: 18pt;\"><strong><br \/><\/strong><\/span>   <\/p>\n<p style=\"text-align: center;\">     &nbsp;   <\/p>\n<link rel=\"File-List\" href=\"file:\/\/\/Users\/didiervermandel\/Library\/Preferences\/Microsoft\/Presse-papiers\/msoclip1\/01\/clip_clip_filelist.xml\"><\/link>\n","protected":false},"excerpt":{"rendered":"<p>&nbsp; &nbsp; &nbsp; &nbsp; &nbsp; J\u2019ai perdu ce pouvoir que j\u2019avais de s\u00e9parer les t\u00e9n\u00e8bres de la lumi\u00e8re, me m\u00e9nageant au prix de quelques tornades, des ciels radieux. Mes r\u00e9voltes sont d\u00e9courag\u00e9es par l\u2019imminence de ma fin et la fatalit\u00e9 des d\u00e9gradations&nbsp;; mais aussi mes bonheurs ont p\u00e2li. La mort n\u2019est plus dans les lointains &hellip; <a href=\"https:\/\/juliettecharpentier.fr\/gertrudes\/gertrude-fait-la-morte-a108940380\/\" class=\"more-link\">Continuer la lecture<span class=\"screen-reader-text\"> de &laquo;&nbsp;Gertrude fait la morte&nbsp;&raquo;<\/span><\/a><\/p>\n","protected":false},"author":3,"featured_media":0,"comment_status":"open","ping_status":"open","sticky":false,"template":"","format":"standard","meta":{"footnotes":""},"categories":[181],"tags":[],"class_list":["post-780","post","type-post","status-publish","format-standard","hentry","category-le-noir-lui-va-si-bien"],"post_mailing_queue_ids":[],"_links":{"self":[{"href":"https:\/\/juliettecharpentier.fr\/gertrudes\/wp-json\/wp\/v2\/posts\/780","targetHints":{"allow":["GET"]}}],"collection":[{"href":"https:\/\/juliettecharpentier.fr\/gertrudes\/wp-json\/wp\/v2\/posts"}],"about":[{"href":"https:\/\/juliettecharpentier.fr\/gertrudes\/wp-json\/wp\/v2\/types\/post"}],"author":[{"embeddable":true,"href":"https:\/\/juliettecharpentier.fr\/gertrudes\/wp-json\/wp\/v2\/users\/3"}],"replies":[{"embeddable":true,"href":"https:\/\/juliettecharpentier.fr\/gertrudes\/wp-json\/wp\/v2\/comments?post=780"}],"version-history":[{"count":0,"href":"https:\/\/juliettecharpentier.fr\/gertrudes\/wp-json\/wp\/v2\/posts\/780\/revisions"}],"wp:attachment":[{"href":"https:\/\/juliettecharpentier.fr\/gertrudes\/wp-json\/wp\/v2\/media?parent=780"}],"wp:term":[{"taxonomy":"category","embeddable":true,"href":"https:\/\/juliettecharpentier.fr\/gertrudes\/wp-json\/wp\/v2\/categories?post=780"},{"taxonomy":"post_tag","embeddable":true,"href":"https:\/\/juliettecharpentier.fr\/gertrudes\/wp-json\/wp\/v2\/tags?post=780"}],"curies":[{"name":"wp","href":"https:\/\/api.w.org\/{rel}","templated":true}]}}