{"id":790,"date":"2009-09-20T00:00:00","date_gmt":"2009-09-19T22:00:00","guid":{"rendered":"http:\/\/juliettecharpentier.fr\/gertrudes\/2009\/09\/20\/gertrudent-a108940394\/"},"modified":"2009-09-20T00:00:00","modified_gmt":"2009-09-19T22:00:00","slug":"gertrudent-a108940394","status":"publish","type":"post","link":"https:\/\/juliettecharpentier.fr\/gertrudes\/gertrudent-a108940394\/","title":{"rendered":"GERTRUDENT."},"content":{"rendered":"<div style=\"text-align: right;\">      <img loading=\"lazy\" decoding=\"async\" src=\"https:\/\/juliettecharpentier.fr\/gertrudes\/wp-content\/uploads\/2016\/04\/fkey2_Uo5nQs_CLqiwmYzdFqR3E@600x537.jpg\" style=\"margin:3px auto; display:block; clear:both;\" height=\"537\" width=\"600\" alt=\"\"\/> <span style=\"font-size: 8pt;\"><strong><span style=\"font-family: times new roman,times;\">JC,     Fusain, septembre 2009, 22 x 24 cm.<\/span><\/strong><\/span><\/p><\/div>\n<p>   <\/p>\n<div style=\"text-align: center;\">     <span style=\"font-size: 18pt;\"><span style=\"font-family: arial black,avant garde;\"><strong>Gertrude<\/strong><\/span><\/span><br \/>     <span style=\"font-size: 18pt;\"><span style=\"font-family: arial black,avant garde;\"><strong>en corps vid\u00e9 des carnassiers<\/strong><\/span><\/span><br \/>     <span style=\"font-size: 18pt;\"><span style=\"font-family: arial black,avant garde;\"><strong>en sort lanc\u00e9 des balanciers<\/strong><\/span><\/span><br \/>     <span style=\"font-size: 18pt;\"><span style=\"font-family: arial black,avant garde;\"><strong>en vers moulus des \u00e9tag\u00e8res<\/strong><\/span><\/span><br \/>     <span style=\"font-size: 18pt;\"><span style=\"font-family: arial black,avant garde;\"><strong>en os dent\u00e9 de charbon noir<\/strong><\/span><\/span><br \/>     <span style=\"font-size: 18pt;\"><span style=\"font-family: arial black,avant garde;\"><strong>Gertrude<\/strong><\/span><\/span><br \/>     <span style=\"font-size: 18pt;\"><span style=\"font-family: arial black,avant garde;\"><strong>seulement Toi en poids de senteur<br \/><\/strong><\/span><\/span><span style=\"font-size: 18pt;\"><span style=\"font-family: arial black,avant garde;\"><strong>Gertrude<\/strong><\/span><\/span><br \/>     <span style=\"font-size: 18pt;\"><span style=\"font-family: arial black,avant garde;\"><strong>propre Moi en Misanthrope<\/strong><\/span><\/span><\/p>\n<p>   <\/div>\n<p>&lt;script type=\u00a0\u00bbtext\/javascript\u00a0\u00bb&gt; \/\/ &lt;![CDATA[ var gaJsHost = ((\u00ab\u00a0https:\u00a0\u00bb == document.location.protocol) ? \u00ab\u00a0https:\/\/ssl.\u00a0\u00bb : \u00ab\u00a0http:\/\/www.\u00a0\u00bb); document.write(unescape(\u00ab\u00a0%3Cscript src='\u00a0\u00bb + gaJsHost + \u00ab\u00a0google-analytics.com\/ga.js&rsquo; type=&rsquo;text\/javascript&rsquo;%3E%3C\/script%3E\u00a0\u00bb)); \/\/]]&gt; &lt;\/script&gt;&lt;script type=\u00a0\u00bbtext\/javascript\u00a0\u00bb&gt; \/\/ &lt;![CDATA[ try { var pageTracker = _gat._getTracker(\u00ab\u00a0UA-6900860-3\u00a0\u00bb); pageTracker._trackPageview(); } catch(err) {} \/\/]]&gt; &lt;\/script&gt;<\/p>\n","protected":false},"excerpt":{"rendered":"<p>JC, Fusain, septembre 2009, 22 x 24 cm. Gertrude en corps vid\u00e9 des carnassiers en sort lanc\u00e9 des balanciers en vers moulus des \u00e9tag\u00e8res en os dent\u00e9 de charbon noir Gertrude seulement Toi en poids de senteurGertrude propre Moi en Misanthrope &lt;script type=\u00a0\u00bbtext\/javascript\u00a0\u00bb&gt; \/\/ &lt;![CDATA[ var gaJsHost = ((\u00ab\u00a0https:\u00a0\u00bb == document.location.protocol) ? \u00ab\u00a0https:\/\/ssl.\u00a0\u00bb : \u00ab\u00a0http:\/\/www.\u00a0\u00bb); &hellip; <a href=\"https:\/\/juliettecharpentier.fr\/gertrudes\/gertrudent-a108940394\/\" class=\"more-link\">Continuer la lecture<span class=\"screen-reader-text\"> de &laquo;&nbsp;GERTRUDENT.&nbsp;&raquo;<\/span><\/a><\/p>\n","protected":false},"author":3,"featured_media":0,"comment_status":"open","ping_status":"open","sticky":false,"template":"","format":"standard","meta":{"footnotes":""},"categories":[181],"tags":[],"class_list":["post-790","post","type-post","status-publish","format-standard","hentry","category-le-noir-lui-va-si-bien"],"post_mailing_queue_ids":[],"_links":{"self":[{"href":"https:\/\/juliettecharpentier.fr\/gertrudes\/wp-json\/wp\/v2\/posts\/790","targetHints":{"allow":["GET"]}}],"collection":[{"href":"https:\/\/juliettecharpentier.fr\/gertrudes\/wp-json\/wp\/v2\/posts"}],"about":[{"href":"https:\/\/juliettecharpentier.fr\/gertrudes\/wp-json\/wp\/v2\/types\/post"}],"author":[{"embeddable":true,"href":"https:\/\/juliettecharpentier.fr\/gertrudes\/wp-json\/wp\/v2\/users\/3"}],"replies":[{"embeddable":true,"href":"https:\/\/juliettecharpentier.fr\/gertrudes\/wp-json\/wp\/v2\/comments?post=790"}],"version-history":[{"count":0,"href":"https:\/\/juliettecharpentier.fr\/gertrudes\/wp-json\/wp\/v2\/posts\/790\/revisions"}],"wp:attachment":[{"href":"https:\/\/juliettecharpentier.fr\/gertrudes\/wp-json\/wp\/v2\/media?parent=790"}],"wp:term":[{"taxonomy":"category","embeddable":true,"href":"https:\/\/juliettecharpentier.fr\/gertrudes\/wp-json\/wp\/v2\/categories?post=790"},{"taxonomy":"post_tag","embeddable":true,"href":"https:\/\/juliettecharpentier.fr\/gertrudes\/wp-json\/wp\/v2\/tags?post=790"}],"curies":[{"name":"wp","href":"https:\/\/api.w.org\/{rel}","templated":true}]}}