{"id":806,"date":"2009-05-26T10:00:00","date_gmt":"2009-05-26T08:00:00","guid":{"rendered":"http:\/\/juliettecharpentier.fr\/gertrudes\/2009\/05\/26\/interlude-hommage-a-rene-daumal-a108940562\/"},"modified":"2009-05-26T10:00:00","modified_gmt":"2009-05-26T08:00:00","slug":"interlude-hommage-a-rene-daumal-a108940562","status":"publish","type":"post","link":"https:\/\/juliettecharpentier.fr\/gertrudes\/interlude-hommage-a-rene-daumal-a108940562\/","title":{"rendered":"Interlude. Hommage \u00e0 Ren\u00e9 Daumal."},"content":{"rendered":"<p>   <a href=\"https:\/\/juliettecharpentier.fr\/gertrudes\/wp-content\/uploads\/2016\/04\/nFXsGVRVjTLFEmLVlJjPCg8-Fr0.jpg\"> <img loading=\"lazy\" decoding=\"async\" src=\"https:\/\/juliettecharpentier.fr\/gertrudes\/wp-content\/uploads\/2016\/04\/tuqUlEX7awbe0dlxFs4ALj7Zpjk@600x180.jpg\" style=\"margin:3px auto; display:block; clear:both;\" height=\"180\" width=\"600\" alt=\"\"\/> <\/a><\/p>\n<p>   <span style=\"font-family: times new roman,times;\"><strong><span style=\"font-size: 14pt;\"><em><\/p>\n<p>   Ils passent leur temps \u00e0 raconter par \u00e9crit des vies imaginaires. Les uns racontent ce qu\u2019ils ont v\u00e9cu en le mettant sur le compte de personnages de leur fantaisie, afin de d\u00e9gager leur   responsabilit\u00e9 et se permettre toutes les impudences. Les autres font vivre \u00e0 leurs cr\u00e9atures tout ce qu\u2019ils auraient bien voulu vivre eux-m\u00eames, pour se donner l\u2019illusion d\u2019avoir   v\u00e9cu.<br \/><\/em><\/span><br \/><\/strong><\/span>   <\/p>\n<div style=\"text-align: right;\">     <span style=\"font-family: times new roman,times;\"><strong><span style=\"font-size: 12pt;\">Ren\u00e9 Daumal , <em>La Grande Beuverie<\/em><\/span><\/strong><\/span><\/p>\n<p>     <\/p>\n<div style=\"text-align: center;\">       <span style=\"font-family: arial black,avant garde;\"><span style=\"font-size: 12pt;\"><strong>Suite sur<br \/>       <a href=\"https:\/\/juliettecharpentier.fr\/gertrudes\">https:\/\/juliettecharpentier.fr\/gertrudes<\/a><br \/>       &amp;<br \/>       <a href=\"https:\/\/juliettecharpentier.fr\/gertrudes\">https:\/\/juliettecharpentier.fr\/gertrudes<\/a><br \/><\/strong><\/span><\/span>     <\/div>\n<p><span style=\"font-family: arial black,avant garde;\"><span style=\"font-size: 12pt;\"><strong><br \/><\/strong><\/span><\/span>   <\/div>\n","protected":false},"excerpt":{"rendered":"<p>Ils passent leur temps \u00e0 raconter par \u00e9crit des vies imaginaires. Les uns racontent ce qu\u2019ils ont v\u00e9cu en le mettant sur le compte de personnages de leur fantaisie, afin de d\u00e9gager leur responsabilit\u00e9 et se permettre toutes les impudences. Les autres font vivre \u00e0 leurs cr\u00e9atures tout ce qu\u2019ils auraient bien voulu vivre eux-m\u00eames, &hellip; <a href=\"https:\/\/juliettecharpentier.fr\/gertrudes\/interlude-hommage-a-rene-daumal-a108940562\/\" class=\"more-link\">Continuer la lecture<span class=\"screen-reader-text\"> de &laquo;&nbsp;Interlude. Hommage \u00e0 Ren\u00e9 Daumal.&nbsp;&raquo;<\/span><\/a><\/p>\n","protected":false},"author":3,"featured_media":0,"comment_status":"open","ping_status":"open","sticky":false,"template":"","format":"standard","meta":{"footnotes":""},"categories":[192],"tags":[],"class_list":["post-806","post","type-post","status-publish","format-standard","hentry","category-hommage"],"post_mailing_queue_ids":[],"_links":{"self":[{"href":"https:\/\/juliettecharpentier.fr\/gertrudes\/wp-json\/wp\/v2\/posts\/806","targetHints":{"allow":["GET"]}}],"collection":[{"href":"https:\/\/juliettecharpentier.fr\/gertrudes\/wp-json\/wp\/v2\/posts"}],"about":[{"href":"https:\/\/juliettecharpentier.fr\/gertrudes\/wp-json\/wp\/v2\/types\/post"}],"author":[{"embeddable":true,"href":"https:\/\/juliettecharpentier.fr\/gertrudes\/wp-json\/wp\/v2\/users\/3"}],"replies":[{"embeddable":true,"href":"https:\/\/juliettecharpentier.fr\/gertrudes\/wp-json\/wp\/v2\/comments?post=806"}],"version-history":[{"count":0,"href":"https:\/\/juliettecharpentier.fr\/gertrudes\/wp-json\/wp\/v2\/posts\/806\/revisions"}],"wp:attachment":[{"href":"https:\/\/juliettecharpentier.fr\/gertrudes\/wp-json\/wp\/v2\/media?parent=806"}],"wp:term":[{"taxonomy":"category","embeddable":true,"href":"https:\/\/juliettecharpentier.fr\/gertrudes\/wp-json\/wp\/v2\/categories?post=806"},{"taxonomy":"post_tag","embeddable":true,"href":"https:\/\/juliettecharpentier.fr\/gertrudes\/wp-json\/wp\/v2\/tags?post=806"}],"curies":[{"name":"wp","href":"https:\/\/api.w.org\/{rel}","templated":true}]}}