{"id":822,"date":"2009-07-20T08:00:00","date_gmt":"2009-07-20T06:00:00","guid":{"rendered":"http:\/\/juliettecharpentier.fr\/gertrudes\/2009\/07\/20\/l-appel-de-l-ocean-a108940594\/"},"modified":"2009-07-20T08:00:00","modified_gmt":"2009-07-20T06:00:00","slug":"l-appel-de-l-ocean-a108940594","status":"publish","type":"post","link":"https:\/\/juliettecharpentier.fr\/gertrudes\/l-appel-de-l-ocean-a108940594\/","title":{"rendered":"L&rsquo;Appel de l&rsquo;Oc\u00e9an"},"content":{"rendered":"<p>   <span style=\"font-size: 24pt;\"><span style=\"font-family: arial black,avant garde;\"><strong>Les Mouettes prennent le Large<br \/>   Le Cr\u00e2ne est ancr\u00e9<br \/>   L&rsquo;Encre est jet\u00e9e<br \/>   Le Capitaine est Hors-Champ<\/strong><\/span><\/span><\/p>\n<div style=\"text-align: right;\">      <img loading=\"lazy\" decoding=\"async\" src=\"https:\/\/juliettecharpentier.fr\/gertrudes\/wp-content\/uploads\/2016\/04\/jC4VZWZdzrwwF9v0xLyXSsZKXvU@494x476.jpg\" style=\"margin:3px auto; display:block; clear:both;\" height=\"476\" width=\"494\" alt=\"\"\/> <span style=\"font-size: 8pt;\"><span style=\"font-family: times new roman,times;\"><strong>JC, Juillet 2009, <em>Autoportrait en Capitaine<\/em>.<\/strong><\/span><\/span><\/p>\n<p>   <\/div>\n","protected":false},"excerpt":{"rendered":"<p>Les Mouettes prennent le Large Le Cr\u00e2ne est ancr\u00e9 L&rsquo;Encre est jet\u00e9e Le Capitaine est Hors-Champ JC, Juillet 2009, Autoportrait en Capitaine.<\/p>\n","protected":false},"author":3,"featured_media":0,"comment_status":"open","ping_status":"open","sticky":false,"template":"","format":"standard","meta":{"footnotes":""},"categories":[196],"tags":[],"class_list":["post-822","post","type-post","status-publish","format-standard","hentry","category-black-out-chez-une-autruche"],"post_mailing_queue_ids":[],"_links":{"self":[{"href":"https:\/\/juliettecharpentier.fr\/gertrudes\/wp-json\/wp\/v2\/posts\/822","targetHints":{"allow":["GET"]}}],"collection":[{"href":"https:\/\/juliettecharpentier.fr\/gertrudes\/wp-json\/wp\/v2\/posts"}],"about":[{"href":"https:\/\/juliettecharpentier.fr\/gertrudes\/wp-json\/wp\/v2\/types\/post"}],"author":[{"embeddable":true,"href":"https:\/\/juliettecharpentier.fr\/gertrudes\/wp-json\/wp\/v2\/users\/3"}],"replies":[{"embeddable":true,"href":"https:\/\/juliettecharpentier.fr\/gertrudes\/wp-json\/wp\/v2\/comments?post=822"}],"version-history":[{"count":0,"href":"https:\/\/juliettecharpentier.fr\/gertrudes\/wp-json\/wp\/v2\/posts\/822\/revisions"}],"wp:attachment":[{"href":"https:\/\/juliettecharpentier.fr\/gertrudes\/wp-json\/wp\/v2\/media?parent=822"}],"wp:term":[{"taxonomy":"category","embeddable":true,"href":"https:\/\/juliettecharpentier.fr\/gertrudes\/wp-json\/wp\/v2\/categories?post=822"},{"taxonomy":"post_tag","embeddable":true,"href":"https:\/\/juliettecharpentier.fr\/gertrudes\/wp-json\/wp\/v2\/tags?post=822"}],"curies":[{"name":"wp","href":"https:\/\/api.w.org\/{rel}","templated":true}]}}