{"id":830,"date":"2013-05-21T19:39:00","date_gmt":"2013-05-21T17:39:00","guid":{"rendered":"http:\/\/juliettecharpentier.fr\/gertrudes\/2013\/05\/21\/l-os-social-a108940466\/"},"modified":"2013-05-21T19:39:00","modified_gmt":"2013-05-21T17:39:00","slug":"l-os-social-a108940466","status":"publish","type":"post","link":"https:\/\/juliettecharpentier.fr\/gertrudes\/l-os-social-a108940466\/","title":{"rendered":"L&rsquo;Os social"},"content":{"rendered":"<p>     &nbsp;   <\/p>\n<p>     &nbsp;   <\/p>\n<p>     &nbsp;   <\/p>\n<p style=\"text-align: center;\">     <span style=\"font-family: arial black,avant garde; font-size: 18pt;\">Il commence \u00e0 faire noir<\/span>   <\/p>\n<p style=\"text-align: center;\">     <span style=\"font-family: arial black,avant garde; font-size: 18pt;\">et cela sent un peu trop le renferm\u00e9,<\/span>   <\/p>\n<p style=\"text-align: center;\">     <span style=\"font-family: arial black,avant garde; font-size: 18pt;\">alors,<\/span>   <\/p>\n<p style=\"text-align: center;\">     <span style=\"font-family: arial black,avant garde; font-size: 18pt;\">ouvrons la fen\u00eatre<\/span>   <\/p>\n<p style=\"text-align: center;\">     <span style=\"font-family: arial black,avant garde; font-size: 18pt;\">pour appeler le Printemps<\/span>   <\/p>\n<p style=\"text-align: center;\">     <span style=\"font-family: arial black,avant garde; font-size: 18pt;\">et attendre les fleurs:<br \/><\/span>   <\/p>\n<p style=\"text-align: center;\">     &nbsp;   <\/p>\n<p style=\"text-align: center;\">     <span style=\"font-family: arial black,avant garde; font-size: 18pt;\">Gertrude est un Os social sur Facebook.<\/span>   <\/p>\n<p>     <span style=\"font-family: arial black,avant garde; font-size: 18pt;\"><br \/><\/span>   <\/p>\n<p style=\"text-align: center;\">     <span style=\"font-family: arial black,avant garde; font-size: 18pt;\">Si vous \u00eates connect\u00e9(e)<\/span>   <\/p>\n<p style=\"text-align: center;\">     <span style=\"font-family: arial black,avant garde; font-size: 18pt;\">cherchez Juliette Charpentier<\/span>   <\/p>\n<p style=\"text-align: center;\">     <span style=\"font-family: arial black,avant garde; font-size: 18pt;\">dans le R\u00e9seau,<\/span>   <\/p>\n<p style=\"text-align: center;\">     <span style=\"font-family: arial black,avant garde; font-size: 18pt;\">elle porte son cr\u00e2ne en bandouli\u00e8re.<\/span>   <\/p>\n<p style=\"text-align: center;\">     &nbsp;   <\/p>\n<p style=\"text-align: center;\">     &nbsp;   <\/p>\n<p style=\"text-align: center;\">     &nbsp;   <\/p>\n<p style=\"text-align: center;\">     <span style=\"font-family: arial black,avant garde; font-size: 18pt;\"><br \/><\/span>   <\/p>\n","protected":false},"excerpt":{"rendered":"<p>&nbsp; &nbsp; &nbsp; Il commence \u00e0 faire noir et cela sent un peu trop le renferm\u00e9, alors, ouvrons la fen\u00eatre pour appeler le Printemps et attendre les fleurs: &nbsp; Gertrude est un Os social sur Facebook. Si vous \u00eates connect\u00e9(e) cherchez Juliette Charpentier dans le R\u00e9seau, elle porte son cr\u00e2ne en bandouli\u00e8re. &nbsp; &nbsp; &nbsp;<\/p>\n","protected":false},"author":3,"featured_media":0,"comment_status":"open","ping_status":"open","sticky":false,"template":"","format":"standard","meta":{"footnotes":""},"categories":[195],"tags":[],"class_list":["post-830","post","type-post","status-publish","format-standard","hentry","category-champs-magnetiques"],"post_mailing_queue_ids":[],"_links":{"self":[{"href":"https:\/\/juliettecharpentier.fr\/gertrudes\/wp-json\/wp\/v2\/posts\/830","targetHints":{"allow":["GET"]}}],"collection":[{"href":"https:\/\/juliettecharpentier.fr\/gertrudes\/wp-json\/wp\/v2\/posts"}],"about":[{"href":"https:\/\/juliettecharpentier.fr\/gertrudes\/wp-json\/wp\/v2\/types\/post"}],"author":[{"embeddable":true,"href":"https:\/\/juliettecharpentier.fr\/gertrudes\/wp-json\/wp\/v2\/users\/3"}],"replies":[{"embeddable":true,"href":"https:\/\/juliettecharpentier.fr\/gertrudes\/wp-json\/wp\/v2\/comments?post=830"}],"version-history":[{"count":0,"href":"https:\/\/juliettecharpentier.fr\/gertrudes\/wp-json\/wp\/v2\/posts\/830\/revisions"}],"wp:attachment":[{"href":"https:\/\/juliettecharpentier.fr\/gertrudes\/wp-json\/wp\/v2\/media?parent=830"}],"wp:term":[{"taxonomy":"category","embeddable":true,"href":"https:\/\/juliettecharpentier.fr\/gertrudes\/wp-json\/wp\/v2\/categories?post=830"},{"taxonomy":"post_tag","embeddable":true,"href":"https:\/\/juliettecharpentier.fr\/gertrudes\/wp-json\/wp\/v2\/tags?post=830"}],"curies":[{"name":"wp","href":"https:\/\/api.w.org\/{rel}","templated":true}]}}