{"id":862,"date":"2009-10-09T00:00:00","date_gmt":"2009-10-08T22:00:00","guid":{"rendered":"http:\/\/juliettecharpentier.fr\/gertrudes\/2009\/10\/09\/neuf-d-octobre-pour-albert-a108940498\/"},"modified":"2009-10-09T00:00:00","modified_gmt":"2009-10-08T22:00:00","slug":"neuf-d-octobre-pour-albert-a108940498","status":"publish","type":"post","link":"https:\/\/juliettecharpentier.fr\/gertrudes\/neuf-d-octobre-pour-albert-a108940498\/","title":{"rendered":"Neuf d&rsquo;octobre pour Albert."},"content":{"rendered":"<p>&nbsp; <!--StartFragment-->   <\/p>\n<p style=\"text-align: center;\">     &nbsp;   <\/p>\n<p style=\"text-align: center;\">     <span style=\"font-size: 18pt;\"><span style=\"font-family: times new roman,times;\"><strong><br \/><\/strong><\/span><\/span>   <\/p>\n<p style=\"text-align: center;\">     <span style=\"font-size: 18pt;\"><span style=\"font-family: times new roman,times;\"><strong>J\u2019ai tant dessin\u00e9 Gertrude<\/strong><\/span><\/span>   <\/p>\n<p style=\"text-align: center;\">     <span style=\"font-size: 18pt;\"><span style=\"font-family: times new roman,times;\"><strong>Mon trait se souvient<\/strong><\/span><\/span>   <\/p>\n<p style=\"text-align: center;\">     <span style=\"font-size: 18pt;\"><span style=\"font-family: times new roman,times;\"><strong>Le moindre d\u00e9calage rend la m\u00e9moire<\/strong><\/span><\/span>   <\/p>\n<p style=\"text-align: center;\">     <span style=\"font-size: 18pt;\"><span style=\"font-family: times new roman,times;\"><strong>De forme \u00e0 mon crayon<\/strong><\/span><\/span>   <\/p>\n<p style=\"text-align: center;\">     <span style=\"font-size: 18pt;\"><span style=\"font-family: times new roman,times;\"><strong>Mine de plomb<\/strong><\/span><\/span>   <\/p>\n<p style=\"text-align: center;\">     <span style=\"font-size: 18pt;\"><span style=\"font-family: times new roman,times;\"><strong>\u00c0 qui Gertrude revient<\/strong><\/span><\/span>   <\/p>\n<p style=\"text-align: center;\">     <span style=\"font-size: 18pt;\"><span style=\"font-family: times new roman,times;\"><strong>Mine de graphite<\/strong><\/span><\/span>   <\/p>\n<p style=\"text-align: center;\">     <span style=\"font-size: 18pt;\"><span style=\"font-family: times new roman,times;\"><strong>\u00c0 la suite d\u2019un savoir aveugle<\/strong><\/span><\/span>   <\/p>\n<p style=\"text-align: center;\">     &nbsp;   <\/p>\n<p style=\"text-align: center;\">     <span style=\"font-size: 18pt;\"><span style=\"font-family: times new roman,times;\"><strong><br \/><\/strong><\/span><\/span>   <\/p>\n<p style=\"text-align: center;\">     &nbsp;   <\/p>\n<p style=\"text-align: center;\">     &nbsp;   <\/p>\n<p style=\"text-align: center;\">     &nbsp;   <\/p>\n<p style=\"text-align: center;\">     &nbsp;   <\/p>\n<p style=\"text-align: center;\">      <img loading=\"lazy\" decoding=\"async\" src=\"https:\/\/juliettecharpentier.fr\/gertrudes\/wp-content\/uploads\/2016\/04\/OVDbw0_1MC7aGx_DGJhaXfpBKEk@600x842.jpg\" style=\"margin:3px auto; display:block; clear:both;\" height=\"842\" width=\"600\" alt=\"\"\/>    <\/p>\n<p style=\"text-align: right;\">     <span style=\"font-size: 8pt;\"><span style=\"font-family: times new roman,times;\"><strong>JC, <em>Albert<\/em>, octobre 2009, mine de plomb sur calque, 21 x 29,7cm.<br \/><\/strong><\/span><\/span>   <\/p>\n<p style=\"text-align: right;\">     &nbsp;   <\/p>\n<p style=\"text-align: right;\">     &nbsp;   <\/p>\n<p style=\"text-align: right;\">     &nbsp;   <\/p>\n<p style=\"text-align: right;\">     &nbsp;   <\/p>\n<p style=\"text-align: right;\">     &nbsp;   <\/p>\n<p style=\"text-align: right;\">     <span style=\"font-size: 8pt;\"><span style=\"font-family: times new roman,times;\"><strong><br \/><\/strong><\/span><\/span>   <\/p>\n<p style=\"text-align: center;\">     &nbsp;   <\/p>\n<p style=\"text-align: center;\">     &nbsp;   <\/p>\n<p><!--EndFragment-->   &lt;script type=\u00a0\u00bbtext\/javascript\u00a0\u00bb&gt; \/\/ &lt;![CDATA[ var gaJsHost = ((\u00ab\u00a0https:\u00a0\u00bb == document.location.protocol) ? \u00ab\u00a0https:\/\/ssl.\u00a0\u00bb : \u00ab\u00a0http:\/\/www.\u00a0\u00bb); document.write(unescape(\u00ab\u00a0%3Cscript src='\u00a0\u00bb + gaJsHost + \u00ab\u00a0google-analytics.com\/ga.js&rsquo; type=&rsquo;text\/javascript&rsquo;%3E%3C\/script%3E\u00a0\u00bb)); \/\/]]&gt; &lt;\/script&gt;&lt;script type=\u00a0\u00bbtext\/javascript\u00a0\u00bb&gt; \/\/ &lt;![CDATA[ try { var pageTracker = _gat._getTracker(\u00ab\u00a0UA-6900860-3\u00a0\u00bb); pageTracker._trackPageview(); } catch(err) {} \/\/]]&gt; &lt;\/script&gt;    <link rel=\"File-List\" href=\"file:\/\/\/Users\/didiervermandel\/Library\/Preferences\/Microsoft\/Presse-papiers\/msoclip1\/01\/clip_clip_filelist.xml\"><\/link>\n","protected":false},"excerpt":{"rendered":"<p>&nbsp; &nbsp; J\u2019ai tant dessin\u00e9 Gertrude Mon trait se souvient Le moindre d\u00e9calage rend la m\u00e9moire De forme \u00e0 mon crayon Mine de plomb \u00c0 qui Gertrude revient Mine de graphite \u00c0 la suite d\u2019un savoir aveugle &nbsp; &nbsp; &nbsp; &nbsp; &nbsp; JC, Albert, octobre 2009, mine de plomb sur calque, 21 x 29,7cm. &nbsp; &hellip; <a href=\"https:\/\/juliettecharpentier.fr\/gertrudes\/neuf-d-octobre-pour-albert-a108940498\/\" class=\"more-link\">Continuer la lecture<span class=\"screen-reader-text\"> de &laquo;&nbsp;Neuf d&rsquo;octobre pour Albert.&nbsp;&raquo;<\/span><\/a><\/p>\n","protected":false},"author":3,"featured_media":0,"comment_status":"open","ping_status":"open","sticky":false,"template":"","format":"standard","meta":{"footnotes":""},"categories":[195],"tags":[],"class_list":["post-862","post","type-post","status-publish","format-standard","hentry","category-champs-magnetiques"],"post_mailing_queue_ids":[],"_links":{"self":[{"href":"https:\/\/juliettecharpentier.fr\/gertrudes\/wp-json\/wp\/v2\/posts\/862","targetHints":{"allow":["GET"]}}],"collection":[{"href":"https:\/\/juliettecharpentier.fr\/gertrudes\/wp-json\/wp\/v2\/posts"}],"about":[{"href":"https:\/\/juliettecharpentier.fr\/gertrudes\/wp-json\/wp\/v2\/types\/post"}],"author":[{"embeddable":true,"href":"https:\/\/juliettecharpentier.fr\/gertrudes\/wp-json\/wp\/v2\/users\/3"}],"replies":[{"embeddable":true,"href":"https:\/\/juliettecharpentier.fr\/gertrudes\/wp-json\/wp\/v2\/comments?post=862"}],"version-history":[{"count":0,"href":"https:\/\/juliettecharpentier.fr\/gertrudes\/wp-json\/wp\/v2\/posts\/862\/revisions"}],"wp:attachment":[{"href":"https:\/\/juliettecharpentier.fr\/gertrudes\/wp-json\/wp\/v2\/media?parent=862"}],"wp:term":[{"taxonomy":"category","embeddable":true,"href":"https:\/\/juliettecharpentier.fr\/gertrudes\/wp-json\/wp\/v2\/categories?post=862"},{"taxonomy":"post_tag","embeddable":true,"href":"https:\/\/juliettecharpentier.fr\/gertrudes\/wp-json\/wp\/v2\/tags?post=862"}],"curies":[{"name":"wp","href":"https:\/\/api.w.org\/{rel}","templated":true}]}}